{"id":3452,"date":"2021-06-09T18:09:10","date_gmt":"2021-06-09T16:09:10","guid":{"rendered":"http:\/\/www.ulcgt69villefranche.fr\/?p=3452"},"modified":"2021-12-16T19:29:04","modified_gmt":"2021-12-16T18:29:04","slug":"24-06-21-rassemblement-stvb-villefranche","status":"publish","type":"post","link":"http:\/\/www.ulcgt69villefranche.fr\/?p=3452","title":{"rendered":"24\/06\/21 : RASSEMBLEMENT STVB VILLEFRANCHE"},"content":{"rendered":"<p style=\"text-align: center;\">Contre la fusion des services de m\u00e9decine du travail de Bourg en Bresse et de Villefranche sur Sa\u00f4ne<\/p>\n<p style=\"text-align: center;\"><span style=\"color: #ff0000;\"><strong>Rassemblement d\u00e8s 8h30 devant la STVB \u00e0 Villefranche\u00a0Impasse \u00c9douard Moreau, 69400 Villefranche-sur-Sa\u00f4ne, France<\/strong><\/span><\/p>\n<p><a href=\"http:\/\/www.ulcgt69villefranche.fr\/wp-content\/uploads\/2021\/06\/arton407.jpg\"><img loading=\"lazy\" class=\"aligncenter size-full wp-image-3457\" src=\"http:\/\/www.ulcgt69villefranche.fr\/wp-content\/uploads\/2021\/06\/arton407.jpg\" alt=\"\" width=\"940\" height=\"626\" srcset=\"http:\/\/www.ulcgt69villefranche.fr\/wp-content\/uploads\/2021\/06\/arton407.jpg 940w, http:\/\/www.ulcgt69villefranche.fr\/wp-content\/uploads\/2021\/06\/arton407-300x200.jpg 300w, http:\/\/www.ulcgt69villefranche.fr\/wp-content\/uploads\/2021\/06\/arton407-768x511.jpg 768w\" sizes=\"(max-width: 940px) 100vw, 940px\" \/><\/a><\/p>\n","protected":false},"excerpt":{"rendered":"<p>Contre la fusion des services de m\u00e9decine du travail de Bourg en Bresse et de Villefranche sur Sa\u00f4ne Rassemblement d\u00e8s 8h30 devant la STVB \u00e0 Villefranche\u00a0Impasse \u00c9douard Moreau, 69400 Villefranche-sur-Sa\u00f4ne, France<\/p>\n","protected":false},"author":3,"featured_media":0,"comment_status":"closed","ping_status":"closed","sticky":false,"template":"","format":"standard","meta":[],"categories":[1],"tags":[],"_links":{"self":[{"href":"http:\/\/www.ulcgt69villefranche.fr\/index.php?rest_route=\/wp\/v2\/posts\/3452"}],"collection":[{"href":"http:\/\/www.ulcgt69villefranche.fr\/index.php?rest_route=\/wp\/v2\/posts"}],"about":[{"href":"http:\/\/www.ulcgt69villefranche.fr\/index.php?rest_route=\/wp\/v2\/types\/post"}],"author":[{"embeddable":true,"href":"http:\/\/www.ulcgt69villefranche.fr\/index.php?rest_route=\/wp\/v2\/users\/3"}],"replies":[{"embeddable":true,"href":"http:\/\/www.ulcgt69villefranche.fr\/index.php?rest_route=%2Fwp%2Fv2%2Fcomments&post=3452"}],"version-history":[{"count":4,"href":"http:\/\/www.ulcgt69villefranche.fr\/index.php?rest_route=\/wp\/v2\/posts\/3452\/revisions"}],"predecessor-version":[{"id":3458,"href":"http:\/\/www.ulcgt69villefranche.fr\/index.php?rest_route=\/wp\/v2\/posts\/3452\/revisions\/3458"}],"wp:attachment":[{"href":"http:\/\/www.ulcgt69villefranche.fr\/index.php?rest_route=%2Fwp%2Fv2%2Fmedia&parent=3452"}],"wp:term":[{"taxonomy":"category","embeddable":true,"href":"http:\/\/www.ulcgt69villefranche.fr\/index.php?rest_route=%2Fwp%2Fv2%2Fcategories&post=3452"},{"taxonomy":"post_tag","embeddable":true,"href":"http:\/\/www.ulcgt69villefranche.fr\/index.php?rest_route=%2Fwp%2Fv2%2Ftags&post=3452"}],"curies":[{"name":"wp","href":"https:\/\/api.w.org\/{rel}","templated":true}]}}