{"id":3447,"date":"2021-06-09T17:55:44","date_gmt":"2021-06-09T15:55:44","guid":{"rendered":"http:\/\/www.ulcgt69villefranche.fr\/?p=3447"},"modified":"2021-12-16T19:29:13","modified_gmt":"2021-12-16T18:29:13","slug":"17-06-21-manifestation-a-villefranche","status":"publish","type":"post","link":"http:\/\/www.ulcgt69villefranche.fr\/?p=3447","title":{"rendered":"17\/06\/21 : MANIFESTATION A VILLEFRANCHE"},"content":{"rendered":"<p><a href=\"http:\/\/www.ulcgt69villefranche.fr\/wp-content\/uploads\/2017\/07\/carte-vitale.jpg\"><img loading=\"lazy\" class=\"aligncenter size-full wp-image-2125\" src=\"http:\/\/www.ulcgt69villefranche.fr\/wp-content\/uploads\/2017\/07\/carte-vitale.jpg\" alt=\"\" width=\"243\" height=\"207\" \/><\/a><\/p>\n<p style=\"text-align: center;\"><a href=\"http:\/\/www.ulcgt69villefranche.fr\/wp-content\/uploads\/2021\/06\/Flyer-UD-CGT-69-05-12-2019.pdf\" target=\"_blank\" rel=\"noopener noreferrer\">Flyer-UD-CGT-69-05-12-2019<\/a><\/p>\n<p style=\"text-align: center;\">Journ\u00e9e de gr\u00e8ve et de manifestation du 17 juin contre la r\u00e9forme de l\u2019assurance ch\u00f4mage, pour porter nos propositions en terme de d\u00e9fense de nos emplois autour de la r\u00e9duction du temps de travail \u00e0 32 H, de la s\u00e9curit\u00e9 sociale professionnelle \u2026<\/p>\n<p style=\"text-align: center;\"><span style=\"color: #ff0000;\"><strong>Manifestation \u00e0 17h00 de la Place de la Lib\u00e9ration \u00e0 la Place des Arts \u00e0 Villefranche sur Sa\u00f4ne<\/strong><\/span><\/p>\n<p style=\"text-align: center;\"><strong>A Lyon manifestation \u00e0 11 h 30 aux Brotteaux &#8211;\u00a0<\/strong><strong>Covoiturage\u00a0 rendez vous \u00e0 \u00a010h30 \u00e0 l\u2019UL\u00a0<\/strong><\/p>\n","protected":false},"excerpt":{"rendered":"<p>Flyer-UD-CGT-69-05-12-2019 Journ\u00e9e de gr\u00e8ve et de manifestation du 17 juin contre la r\u00e9forme de l\u2019assurance ch\u00f4mage, pour porter nos propositions en terme de d\u00e9fense de nos emplois autour de la r\u00e9duction du temps de travail \u00e0 32 H, de la s\u00e9curit\u00e9 sociale professionnelle \u2026 Manifestation \u00e0 17h00 de la Place de la Lib\u00e9ration \u00e0 la [&hellip;]<\/p>\n","protected":false},"author":3,"featured_media":0,"comment_status":"closed","ping_status":"closed","sticky":false,"template":"","format":"standard","meta":[],"categories":[1],"tags":[],"_links":{"self":[{"href":"http:\/\/www.ulcgt69villefranche.fr\/index.php?rest_route=\/wp\/v2\/posts\/3447"}],"collection":[{"href":"http:\/\/www.ulcgt69villefranche.fr\/index.php?rest_route=\/wp\/v2\/posts"}],"about":[{"href":"http:\/\/www.ulcgt69villefranche.fr\/index.php?rest_route=\/wp\/v2\/types\/post"}],"author":[{"embeddable":true,"href":"http:\/\/www.ulcgt69villefranche.fr\/index.php?rest_route=\/wp\/v2\/users\/3"}],"replies":[{"embeddable":true,"href":"http:\/\/www.ulcgt69villefranche.fr\/index.php?rest_route=%2Fwp%2Fv2%2Fcomments&post=3447"}],"version-history":[{"count":5,"href":"http:\/\/www.ulcgt69villefranche.fr\/index.php?rest_route=\/wp\/v2\/posts\/3447\/revisions"}],"predecessor-version":[{"id":3546,"href":"http:\/\/www.ulcgt69villefranche.fr\/index.php?rest_route=\/wp\/v2\/posts\/3447\/revisions\/3546"}],"wp:attachment":[{"href":"http:\/\/www.ulcgt69villefranche.fr\/index.php?rest_route=%2Fwp%2Fv2%2Fmedia&parent=3447"}],"wp:term":[{"taxonomy":"category","embeddable":true,"href":"http:\/\/www.ulcgt69villefranche.fr\/index.php?rest_route=%2Fwp%2Fv2%2Fcategories&post=3447"},{"taxonomy":"post_tag","embeddable":true,"href":"http:\/\/www.ulcgt69villefranche.fr\/index.php?rest_route=%2Fwp%2Fv2%2Ftags&post=3447"}],"curies":[{"name":"wp","href":"https:\/\/api.w.org\/{rel}","templated":true}]}}