{"id":3438,"date":"2021-05-24T10:31:35","date_gmt":"2021-05-24T08:31:35","guid":{"rendered":"http:\/\/www.ulcgt69villefranche.fr\/?p=3438"},"modified":"2021-12-16T19:29:22","modified_gmt":"2021-12-16T18:29:22","slug":"03-06-21-non-a-la-discrimination-appel-a-la-solidarite","status":"publish","type":"post","link":"http:\/\/www.ulcgt69villefranche.fr\/?p=3438","title":{"rendered":"03\/06\/21 : NON A LA DISCRIMINATION ! APPEL A LA SOLIDARIT\u00c9"},"content":{"rendered":"<p><a href=\"http:\/\/www.ulcgt69villefranche.fr\/wp-content\/uploads\/2017\/09\/medico-social.jpg\"><img loading=\"lazy\" class=\"aligncenter size-full wp-image-2160\" src=\"http:\/\/www.ulcgt69villefranche.fr\/wp-content\/uploads\/2017\/09\/medico-social.jpg\" alt=\"\" width=\"230\" height=\"219\" \/><\/a><\/p>\n<h1 style=\"text-align: center;\"><strong><span style=\"color: #ff0000;\">SYNDICAT CGT AGIVR<\/span><\/strong><br \/>\n<strong><span style=\"color: #008000;\">HANDICAP VAL DE SA\u00d4NE, BEAUJOLAIS<\/span><\/strong><\/h1>\n<p style=\"text-align: center;\">Les d\u00e9gradations des conditions de travail et les pressions de la hi\u00e9rarchie ont fini par laisser des traces ! D\u2019autres encore, en nombre croissant, font d\u00e9fection et quittent le m\u00e9tier. Notre secteur fait \u00e9tat d\u2019une profession o\u00f9 l\u2019apathie domine.<\/p>\n<p style=\"text-align: center;\"><a href=\"http:\/\/www.ulcgt69villefranche.fr\/wp-content\/uploads\/2021\/05\/TRACT-DISCRIM-CGT.pdf\" target=\"_blank\" rel=\"noopener noreferrer\">Lire le Tract<\/a><\/p>\n<h1 style=\"text-align: center;\">LE JEUDI 3 JUIN DE 11H00 A 13H00<\/h1>\n<p style=\"text-align: center;\">DEVANT LE SI\u00c8GE SOCIAL DE L\u2019AGIVR<\/p>\n<p style=\"text-align: center;\">408 Rue des Remparts \u00e0 Villefranche-sur-Sa\u00f4ne<\/p>\n<h2 style=\"text-align: center;\">Venez nombreux dire non \u00e0 la souffrance au travail !!<\/h2>\n","protected":false},"excerpt":{"rendered":"<p>SYNDICAT CGT AGIVR HANDICAP VAL DE SA\u00d4NE, BEAUJOLAIS Les d\u00e9gradations des conditions de travail et les pressions de la hi\u00e9rarchie ont fini par laisser des traces ! D\u2019autres encore, en nombre croissant, font d\u00e9fection et quittent le m\u00e9tier. Notre secteur fait \u00e9tat d\u2019une profession o\u00f9 l\u2019apathie domine. Lire le Tract LE JEUDI 3 JUIN DE [&hellip;]<\/p>\n","protected":false},"author":3,"featured_media":0,"comment_status":"closed","ping_status":"closed","sticky":false,"template":"","format":"standard","meta":[],"categories":[1],"tags":[],"_links":{"self":[{"href":"http:\/\/www.ulcgt69villefranche.fr\/index.php?rest_route=\/wp\/v2\/posts\/3438"}],"collection":[{"href":"http:\/\/www.ulcgt69villefranche.fr\/index.php?rest_route=\/wp\/v2\/posts"}],"about":[{"href":"http:\/\/www.ulcgt69villefranche.fr\/index.php?rest_route=\/wp\/v2\/types\/post"}],"author":[{"embeddable":true,"href":"http:\/\/www.ulcgt69villefranche.fr\/index.php?rest_route=\/wp\/v2\/users\/3"}],"replies":[{"embeddable":true,"href":"http:\/\/www.ulcgt69villefranche.fr\/index.php?rest_route=%2Fwp%2Fv2%2Fcomments&post=3438"}],"version-history":[{"count":4,"href":"http:\/\/www.ulcgt69villefranche.fr\/index.php?rest_route=\/wp\/v2\/posts\/3438\/revisions"}],"predecessor-version":[{"id":3547,"href":"http:\/\/www.ulcgt69villefranche.fr\/index.php?rest_route=\/wp\/v2\/posts\/3438\/revisions\/3547"}],"wp:attachment":[{"href":"http:\/\/www.ulcgt69villefranche.fr\/index.php?rest_route=%2Fwp%2Fv2%2Fmedia&parent=3438"}],"wp:term":[{"taxonomy":"category","embeddable":true,"href":"http:\/\/www.ulcgt69villefranche.fr\/index.php?rest_route=%2Fwp%2Fv2%2Fcategories&post=3438"},{"taxonomy":"post_tag","embeddable":true,"href":"http:\/\/www.ulcgt69villefranche.fr\/index.php?rest_route=%2Fwp%2Fv2%2Ftags&post=3438"}],"curies":[{"name":"wp","href":"https:\/\/api.w.org\/{rel}","templated":true}]}}