{"id":3406,"date":"2021-04-09T20:40:02","date_gmt":"2021-04-09T18:40:02","guid":{"rendered":"http:\/\/www.ulcgt69villefranche.fr\/?p=3406"},"modified":"2021-12-16T19:29:41","modified_gmt":"2021-12-16T18:29:41","slug":"01-05-21-journee-internationale-de-lutte-pour-les-droits-des-travailleurs","status":"publish","type":"post","link":"http:\/\/www.ulcgt69villefranche.fr\/?p=3406","title":{"rendered":"01\/05\/21 : JOURN\u00c9E INTERNATIONALE DE LUTTE POUR LES DROITS DES TRAVAILLEURS"},"content":{"rendered":"<p style=\"text-align: center;\"><strong><u>Manifestation du 1er mai<\/u><\/strong><\/p>\n<p style=\"text-align: center;\"><strong><span style=\"color: #ff0000;\">D\u00e9part 10h30 de la place de la lib\u00e9ration<\/span><\/strong><span style=\"color: #ff0000;\">\u00a0<strong>(promenoir)\u00a0<\/strong><\/span>en direction de la place\u00a0des arts <strong><a href=\"http:\/\/www.ulcgt69villefranche.fr\/wp-content\/uploads\/2021\/04\/Tract-1er-mai-2021-UD-CGT-69.pdf\" target=\"_blank\" rel=\"noopener noreferrer\">(Lire le tract 1er mai 2021 ci-joint)<\/a><\/strong><\/p>\n<p style=\"text-align: center;\">En ce premier mai, journ\u00e9e internationale de lutte des travailleuses et travailleurs, plus que jamais la solidarit\u00e9 internationale doit \u00eatre mise au c\u0153ur de nos actions.<br \/>\nUne solidarit\u00e9 qui aille au-del\u00e0 des mots, active et de r\u00e9elle coop\u00e9ration dans l\u2019int\u00e9r\u00eat des travailleuses et travailleurs du monde entier.<\/p>\n<p style=\"text-align: center;\"><strong>AGISSONS POUR UN MONDE JUSTE, SOLIDAIRE ET DURABLE<\/strong><\/p>\n<p style=\"text-align: center;\"><span style=\"color: #0000ff;\"><strong><u>DISTRIBUTION DE TRACTS POUR LE 1 MAI LES VENDREDI 23 AVRIL ET MARDI 27 AVRIL (matin) . Toutes les bonnes volont\u00e9s seront les bienvenues RDV \u00e0 l&rsquo;UL<\/u><\/strong><\/span><\/p>\n<p><a href=\"http:\/\/www.ulcgt69villefranche.fr\/wp-content\/uploads\/2021\/04\/FB_IMG_1617868558794.jpg\"><img loading=\"lazy\" class=\"aligncenter size-full wp-image-3405\" src=\"http:\/\/www.ulcgt69villefranche.fr\/wp-content\/uploads\/2021\/04\/FB_IMG_1617868558794.jpg\" alt=\"\" width=\"720\" height=\"1018\" srcset=\"http:\/\/www.ulcgt69villefranche.fr\/wp-content\/uploads\/2021\/04\/FB_IMG_1617868558794.jpg 720w, http:\/\/www.ulcgt69villefranche.fr\/wp-content\/uploads\/2021\/04\/FB_IMG_1617868558794-212x300.jpg 212w\" sizes=\"(max-width: 720px) 100vw, 720px\" \/><\/a><\/p>\n","protected":false},"excerpt":{"rendered":"<p>Manifestation du 1er mai D\u00e9part 10h30 de la place de la lib\u00e9ration\u00a0(promenoir)\u00a0en direction de la place\u00a0des arts (Lire le tract 1er mai 2021 ci-joint) En ce premier mai, journ\u00e9e internationale de lutte des travailleuses et travailleurs, plus que jamais la solidarit\u00e9 internationale doit \u00eatre mise au c\u0153ur de nos actions. Une solidarit\u00e9 qui aille au-del\u00e0 [&hellip;]<\/p>\n","protected":false},"author":3,"featured_media":0,"comment_status":"closed","ping_status":"closed","sticky":false,"template":"","format":"standard","meta":[],"categories":[1],"tags":[],"_links":{"self":[{"href":"http:\/\/www.ulcgt69villefranche.fr\/index.php?rest_route=\/wp\/v2\/posts\/3406"}],"collection":[{"href":"http:\/\/www.ulcgt69villefranche.fr\/index.php?rest_route=\/wp\/v2\/posts"}],"about":[{"href":"http:\/\/www.ulcgt69villefranche.fr\/index.php?rest_route=\/wp\/v2\/types\/post"}],"author":[{"embeddable":true,"href":"http:\/\/www.ulcgt69villefranche.fr\/index.php?rest_route=\/wp\/v2\/users\/3"}],"replies":[{"embeddable":true,"href":"http:\/\/www.ulcgt69villefranche.fr\/index.php?rest_route=%2Fwp%2Fv2%2Fcomments&post=3406"}],"version-history":[{"count":6,"href":"http:\/\/www.ulcgt69villefranche.fr\/index.php?rest_route=\/wp\/v2\/posts\/3406\/revisions"}],"predecessor-version":[{"id":3548,"href":"http:\/\/www.ulcgt69villefranche.fr\/index.php?rest_route=\/wp\/v2\/posts\/3406\/revisions\/3548"}],"wp:attachment":[{"href":"http:\/\/www.ulcgt69villefranche.fr\/index.php?rest_route=%2Fwp%2Fv2%2Fmedia&parent=3406"}],"wp:term":[{"taxonomy":"category","embeddable":true,"href":"http:\/\/www.ulcgt69villefranche.fr\/index.php?rest_route=%2Fwp%2Fv2%2Fcategories&post=3406"},{"taxonomy":"post_tag","embeddable":true,"href":"http:\/\/www.ulcgt69villefranche.fr\/index.php?rest_route=%2Fwp%2Fv2%2Ftags&post=3406"}],"curies":[{"name":"wp","href":"https:\/\/api.w.org\/{rel}","templated":true}]}}