{"id":3354,"date":"2021-03-16T17:18:36","date_gmt":"2021-03-16T16:18:36","guid":{"rendered":"http:\/\/www.ulcgt69villefranche.fr\/?p=3354"},"modified":"2021-12-16T19:30:42","modified_gmt":"2021-12-16T18:30:42","slug":"19-03-21-rassemblement-culture-en-danger","status":"publish","type":"post","link":"http:\/\/www.ulcgt69villefranche.fr\/?p=3354","title":{"rendered":"19\/03\/21 : RASSEMBLEMENT CULTURE EN DANGER"},"content":{"rendered":"<p><a href=\"http:\/\/www.ulcgt69villefranche.fr\/wp-content\/uploads\/2021\/03\/th\u00e9\u00e2tre.jpg\"><img loading=\"lazy\" class=\"aligncenter size-full wp-image-3356\" src=\"http:\/\/www.ulcgt69villefranche.fr\/wp-content\/uploads\/2021\/03\/th\u00e9\u00e2tre.jpg\" alt=\"\" width=\"574\" height=\"368\" srcset=\"http:\/\/www.ulcgt69villefranche.fr\/wp-content\/uploads\/2021\/03\/th\u00e9\u00e2tre.jpg 574w, http:\/\/www.ulcgt69villefranche.fr\/wp-content\/uploads\/2021\/03\/th\u00e9\u00e2tre-300x192.jpg 300w\" sizes=\"(max-width: 574px) 100vw, 574px\" \/><\/a><\/p>\n<h1 style=\"text-align: center;\"><strong>RASSEMBLEMENT DE SOUTIEN\u00a0<\/strong><\/h1>\n<h1 style=\"text-align: center;\"><strong>VENDREDI 19 MARS 2021<\/strong><\/h1>\n<h1 style=\"text-align: center;\"><strong>\u00c0 PARTIR DE 15H30<\/strong><br \/>\n<strong>PLACE DES ARTS, devant le Th\u00e9\u00e2tre de\u00a0VILLEFRANCHE<\/strong><\/h1>\n<p style=\"text-align: center;\">\u200cL\u2019occupation du Th\u00e9\u00e2tre de l\u2019Od\u00e9on \u00e0 Paris, organis\u00e9e par la CGT Spectacle depuis le jeudi 4 mars, a d\u00e9clench\u00e9 un mouvement qui s\u2019est \u00e9tendu sur l\u2019ensemble de la m\u00e9tropole.<br \/>\nPlus de 30 th\u00e9\u00e2tres en France sont occup\u00e9s par des techniciens, des artistes et des \u00e9tudiants en \u00e9cole d\u2019art dramatique,\u00a0des militants syndicaux, &#8230;&#8230;<br \/>\npour\u00a0r\u00e9clamer ensemble la r\u00e9ouverture des lieux culturels ainsi que des mesures d\u2019aides aux salari\u00e9-es du monde de la culture qui sont bien souvent dans des situations de pr\u00e9carit\u00e9, augment\u00e9e par la crise du Covid-19.<\/p>\n<p style=\"text-align: center;\"><a href=\"http:\/\/www.ulcgt69villefranche.fr\/wp-content\/uploads\/2021\/03\/culture.jpg\"><img loading=\"lazy\" class=\"aligncenter wp-image-3353 size-medium\" src=\"http:\/\/www.ulcgt69villefranche.fr\/wp-content\/uploads\/2021\/03\/culture-300x300.jpg\" alt=\"\" width=\"300\" height=\"300\" srcset=\"http:\/\/www.ulcgt69villefranche.fr\/wp-content\/uploads\/2021\/03\/culture-300x300.jpg 300w, http:\/\/www.ulcgt69villefranche.fr\/wp-content\/uploads\/2021\/03\/culture-150x150.jpg 150w, http:\/\/www.ulcgt69villefranche.fr\/wp-content\/uploads\/2021\/03\/culture-768x768.jpg 768w, http:\/\/www.ulcgt69villefranche.fr\/wp-content\/uploads\/2021\/03\/culture-1024x1024.jpg 1024w, http:\/\/www.ulcgt69villefranche.fr\/wp-content\/uploads\/2021\/03\/culture.jpg 1242w\" sizes=\"(max-width: 300px) 100vw, 300px\" \/><\/a><\/p>\n","protected":false},"excerpt":{"rendered":"<p>RASSEMBLEMENT DE SOUTIEN\u00a0 VENDREDI 19 MARS 2021 \u00c0 PARTIR DE 15H30 PLACE DES ARTS, devant le Th\u00e9\u00e2tre de\u00a0VILLEFRANCHE \u200cL\u2019occupation du Th\u00e9\u00e2tre de l\u2019Od\u00e9on \u00e0 Paris, organis\u00e9e par la CGT Spectacle depuis le jeudi 4 mars, a d\u00e9clench\u00e9 un mouvement qui s\u2019est \u00e9tendu sur l\u2019ensemble de la m\u00e9tropole. Plus de 30 th\u00e9\u00e2tres en France sont occup\u00e9s [&hellip;]<\/p>\n","protected":false},"author":3,"featured_media":0,"comment_status":"closed","ping_status":"closed","sticky":false,"template":"","format":"standard","meta":[],"categories":[1],"tags":[],"_links":{"self":[{"href":"http:\/\/www.ulcgt69villefranche.fr\/index.php?rest_route=\/wp\/v2\/posts\/3354"}],"collection":[{"href":"http:\/\/www.ulcgt69villefranche.fr\/index.php?rest_route=\/wp\/v2\/posts"}],"about":[{"href":"http:\/\/www.ulcgt69villefranche.fr\/index.php?rest_route=\/wp\/v2\/types\/post"}],"author":[{"embeddable":true,"href":"http:\/\/www.ulcgt69villefranche.fr\/index.php?rest_route=\/wp\/v2\/users\/3"}],"replies":[{"embeddable":true,"href":"http:\/\/www.ulcgt69villefranche.fr\/index.php?rest_route=%2Fwp%2Fv2%2Fcomments&post=3354"}],"version-history":[{"count":4,"href":"http:\/\/www.ulcgt69villefranche.fr\/index.php?rest_route=\/wp\/v2\/posts\/3354\/revisions"}],"predecessor-version":[{"id":3359,"href":"http:\/\/www.ulcgt69villefranche.fr\/index.php?rest_route=\/wp\/v2\/posts\/3354\/revisions\/3359"}],"wp:attachment":[{"href":"http:\/\/www.ulcgt69villefranche.fr\/index.php?rest_route=%2Fwp%2Fv2%2Fmedia&parent=3354"}],"wp:term":[{"taxonomy":"category","embeddable":true,"href":"http:\/\/www.ulcgt69villefranche.fr\/index.php?rest_route=%2Fwp%2Fv2%2Fcategories&post=3354"},{"taxonomy":"post_tag","embeddable":true,"href":"http:\/\/www.ulcgt69villefranche.fr\/index.php?rest_route=%2Fwp%2Fv2%2Ftags&post=3354"}],"curies":[{"name":"wp","href":"https:\/\/api.w.org\/{rel}","templated":true}]}}