{"id":3348,"date":"2021-03-10T20:43:35","date_gmt":"2021-03-10T19:43:35","guid":{"rendered":"http:\/\/www.ulcgt69villefranche.fr\/?p=3348"},"modified":"2021-12-16T19:30:50","modified_gmt":"2021-12-16T18:30:50","slug":"3348","status":"publish","type":"post","link":"http:\/\/www.ulcgt69villefranche.fr\/?p=3348","title":{"rendered":"15\/03\/21 : RASSEMBLEMENT DEVANT L&rsquo;ARS"},"content":{"rendered":"<p style=\"text-align: center;\"><a href=\"http:\/\/www.ulcgt69villefranche.fr\/wp-content\/uploads\/2021\/03\/20210310_202722.jpg\"><img loading=\"lazy\" class=\"aligncenter size-full wp-image-3347\" src=\"http:\/\/www.ulcgt69villefranche.fr\/wp-content\/uploads\/2021\/03\/20210310_202722.jpg\" alt=\"\" width=\"720\" height=\"220\" srcset=\"http:\/\/www.ulcgt69villefranche.fr\/wp-content\/uploads\/2021\/03\/20210310_202722.jpg 720w, http:\/\/www.ulcgt69villefranche.fr\/wp-content\/uploads\/2021\/03\/20210310_202722-300x92.jpg 300w\" sizes=\"(max-width: 720px) 100vw, 720px\" \/><\/a><a href=\"http:\/\/www.ulcgt69villefranche.fr\/wp-content\/uploads\/2021\/03\/Tract-CGT-SUD-15_03_2021.pdf\" target=\"_blank\" rel=\"noopener noreferrer\">Tract CGT SUD 15_03_2021<\/a><\/p>\n<p style=\"text-align: center;\">Toutes et tous dans la rue pour d\u00e9fendre nos m\u00e9tiers et nos salaires !<\/p>\n<p style=\"text-align: center;\">On ne l\u00e2che rien !<\/p>\n<h1 style=\"text-align: center;\">Lundi 15 mars 2021, rassemblement \u00e0 13h30\u00a0 devant l&rsquo;ARS. 241 rue Garibaldi<\/h1>\n<h1 style=\"text-align: center;\">LYON 3\u00e8me (M\u00e9tro Garibaldi).<\/h1>\n","protected":false},"excerpt":{"rendered":"<p>Tract CGT SUD 15_03_2021 Toutes et tous dans la rue pour d\u00e9fendre nos m\u00e9tiers et nos salaires ! On ne l\u00e2che rien ! Lundi 15 mars 2021, rassemblement \u00e0 13h30\u00a0 devant l&rsquo;ARS. 241 rue Garibaldi LYON 3\u00e8me (M\u00e9tro Garibaldi).<\/p>\n","protected":false},"author":3,"featured_media":0,"comment_status":"closed","ping_status":"closed","sticky":false,"template":"","format":"standard","meta":[],"categories":[1],"tags":[],"_links":{"self":[{"href":"http:\/\/www.ulcgt69villefranche.fr\/index.php?rest_route=\/wp\/v2\/posts\/3348"}],"collection":[{"href":"http:\/\/www.ulcgt69villefranche.fr\/index.php?rest_route=\/wp\/v2\/posts"}],"about":[{"href":"http:\/\/www.ulcgt69villefranche.fr\/index.php?rest_route=\/wp\/v2\/types\/post"}],"author":[{"embeddable":true,"href":"http:\/\/www.ulcgt69villefranche.fr\/index.php?rest_route=\/wp\/v2\/users\/3"}],"replies":[{"embeddable":true,"href":"http:\/\/www.ulcgt69villefranche.fr\/index.php?rest_route=%2Fwp%2Fv2%2Fcomments&post=3348"}],"version-history":[{"count":4,"href":"http:\/\/www.ulcgt69villefranche.fr\/index.php?rest_route=\/wp\/v2\/posts\/3348\/revisions"}],"predecessor-version":[{"id":3550,"href":"http:\/\/www.ulcgt69villefranche.fr\/index.php?rest_route=\/wp\/v2\/posts\/3348\/revisions\/3550"}],"wp:attachment":[{"href":"http:\/\/www.ulcgt69villefranche.fr\/index.php?rest_route=%2Fwp%2Fv2%2Fmedia&parent=3348"}],"wp:term":[{"taxonomy":"category","embeddable":true,"href":"http:\/\/www.ulcgt69villefranche.fr\/index.php?rest_route=%2Fwp%2Fv2%2Fcategories&post=3348"},{"taxonomy":"post_tag","embeddable":true,"href":"http:\/\/www.ulcgt69villefranche.fr\/index.php?rest_route=%2Fwp%2Fv2%2Ftags&post=3348"}],"curies":[{"name":"wp","href":"https:\/\/api.w.org\/{rel}","templated":true}]}}