{"id":3340,"date":"2021-03-03T13:11:57","date_gmt":"2021-03-03T12:11:57","guid":{"rendered":"http:\/\/www.ulcgt69villefranche.fr\/?p=3340"},"modified":"2021-12-16T19:30:57","modified_gmt":"2021-12-16T18:30:57","slug":"08-03-21-journee-internationale-de-lutte-pour-les-droits-des-femmes","status":"publish","type":"post","link":"http:\/\/www.ulcgt69villefranche.fr\/?p=3340","title":{"rendered":"08\/03\/21 : JOURNEE INTERNATIONALE DE LUTTE POUR LES DROITS DES FEMMES"},"content":{"rendered":"<h1 style=\"text-align: center;\"><strong>RENDEZ VOUS LUNDI 8 MARS 2021<\/strong><strong><br \/>\n15 H 40\u00a0 PLACE DE LA LIBERATION (PROMENOIR)<br \/>\nNOUS NOUS RENDRONS PLACE DES ARTS<\/strong><\/h1>\n<p style=\"text-align: center;\"><em><a href=\"http:\/\/www.ulcgt69villefranche.fr\/wp-content\/uploads\/2021\/03\/Appel-8-mars-Villefranche-.pdf\" target=\"_blank\" rel=\"noopener noreferrer\">Lire l&rsquo;Appel du 8 mars 2021<\/a><\/em><\/p>\n<p style=\"text-align: center;\"><em><a href=\"http:\/\/www.ulcgt69villefranche.fr\/wp-content\/uploads\/2019\/04\/DSC_0238.jpg\"><img loading=\"lazy\" class=\"aligncenter size-full wp-image-2741\" src=\"http:\/\/www.ulcgt69villefranche.fr\/wp-content\/uploads\/2019\/04\/DSC_0238.jpg\" alt=\"\" width=\"4928\" height=\"3264\" srcset=\"http:\/\/www.ulcgt69villefranche.fr\/wp-content\/uploads\/2019\/04\/DSC_0238.jpg 4928w, http:\/\/www.ulcgt69villefranche.fr\/wp-content\/uploads\/2019\/04\/DSC_0238-300x199.jpg 300w, http:\/\/www.ulcgt69villefranche.fr\/wp-content\/uploads\/2019\/04\/DSC_0238-768x509.jpg 768w, http:\/\/www.ulcgt69villefranche.fr\/wp-content\/uploads\/2019\/04\/DSC_0238-1024x678.jpg 1024w\" sizes=\"(max-width: 4928px) 100vw, 4928px\" \/><\/a><\/em><\/p>\n<p style=\"text-align: center;\"><em>Les femmes du monde entier revendiquent et m\u00e9ritent un avenir \u00e9galitaire libre de pr\u00e9jug\u00e9s, de st\u00e9r\u00e9otypes et de violence\u00a0; un avenir durable et pacifique avec les m\u00eames droits et des chances \u00e9gales pour toutes et tous.<\/em><\/p>\n<p>Pour y parvenir, le monde requiert la pr\u00e9sence des femmes dans toutes les prises de d\u00e9cisions.<\/p>\n<p style=\"text-align: center;\"><strong>Cette ann\u00e9e, le th\u00e8me de la Journ\u00e9e internationale des femmes :<\/strong><\/p>\n<p>\u00ab<em>\u2009Leadership f\u00e9minin\u00a0: Pour un futur \u00e9galitaire dans le monde de la Covid-19<\/em>\u00a0\u00bb,<\/p>\n<p style=\"text-align: center;\"><em>C\u00e9l\u00e8bre les efforts consid\u00e9rables d\u00e9ploy\u00e9s par les femmes et les filles partout dans le monde pour fa\u00e7onner un futur et une relance plus \u00e9galitaires suite \u00e0 la pand\u00e9mie de Covid-19 et met en lumi\u00e8re les lacunes \u00e0 combler.<\/em><\/p>\n<p>\u00c0 l\u2019occasion de la nouvelle journ\u00e9e internationale des droits des femmes, notre Union Locale CGT\u00a0 et plusieurs associations caladoises appellent les \u00ab\u00a0premi\u00e8res de corv\u00e9es\u00a0\u00bb \u00e0 faire gr\u00e8ve et \u00e0 rejoindre notre manifestation.<\/p>\n<p><em>Les\u00a0 prises de paroles seront, cette ann\u00e9e, accompagn\u00e9es de chants et danses.<\/em><\/p>\n","protected":false},"excerpt":{"rendered":"<p>RENDEZ VOUS LUNDI 8 MARS 2021 15 H 40\u00a0 PLACE DE LA LIBERATION (PROMENOIR) NOUS NOUS RENDRONS PLACE DES ARTS Lire l&rsquo;Appel du 8 mars 2021 Les femmes du monde entier revendiquent et m\u00e9ritent un avenir \u00e9galitaire libre de pr\u00e9jug\u00e9s, de st\u00e9r\u00e9otypes et de violence\u00a0; un avenir durable et pacifique avec les m\u00eames droits et [&hellip;]<\/p>\n","protected":false},"author":3,"featured_media":0,"comment_status":"closed","ping_status":"closed","sticky":false,"template":"","format":"standard","meta":[],"categories":[1],"tags":[],"_links":{"self":[{"href":"http:\/\/www.ulcgt69villefranche.fr\/index.php?rest_route=\/wp\/v2\/posts\/3340"}],"collection":[{"href":"http:\/\/www.ulcgt69villefranche.fr\/index.php?rest_route=\/wp\/v2\/posts"}],"about":[{"href":"http:\/\/www.ulcgt69villefranche.fr\/index.php?rest_route=\/wp\/v2\/types\/post"}],"author":[{"embeddable":true,"href":"http:\/\/www.ulcgt69villefranche.fr\/index.php?rest_route=\/wp\/v2\/users\/3"}],"replies":[{"embeddable":true,"href":"http:\/\/www.ulcgt69villefranche.fr\/index.php?rest_route=%2Fwp%2Fv2%2Fcomments&post=3340"}],"version-history":[{"count":5,"href":"http:\/\/www.ulcgt69villefranche.fr\/index.php?rest_route=\/wp\/v2\/posts\/3340\/revisions"}],"predecessor-version":[{"id":3551,"href":"http:\/\/www.ulcgt69villefranche.fr\/index.php?rest_route=\/wp\/v2\/posts\/3340\/revisions\/3551"}],"wp:attachment":[{"href":"http:\/\/www.ulcgt69villefranche.fr\/index.php?rest_route=%2Fwp%2Fv2%2Fmedia&parent=3340"}],"wp:term":[{"taxonomy":"category","embeddable":true,"href":"http:\/\/www.ulcgt69villefranche.fr\/index.php?rest_route=%2Fwp%2Fv2%2Fcategories&post=3340"},{"taxonomy":"post_tag","embeddable":true,"href":"http:\/\/www.ulcgt69villefranche.fr\/index.php?rest_route=%2Fwp%2Fv2%2Ftags&post=3340"}],"curies":[{"name":"wp","href":"https:\/\/api.w.org\/{rel}","templated":true}]}}