{"id":3290,"date":"2020-12-08T10:34:02","date_gmt":"2020-12-08T09:34:02","guid":{"rendered":"http:\/\/www.ulcgt69villefranche.fr\/?p=3290"},"modified":"2021-12-16T19:32:42","modified_gmt":"2021-12-16T18:32:42","slug":"o8-12-20-contre-la-loi-de-securite-globale","status":"publish","type":"post","link":"http:\/\/www.ulcgt69villefranche.fr\/?p=3290","title":{"rendered":"O8\/12\/20 : CONTRE LA LOI DE S\u00c9CURIT\u00c9 GLOBALE"},"content":{"rendered":"<p><a href=\"http:\/\/www.ulcgt69villefranche.fr\/wp-content\/uploads\/2020\/12\/ob_cf59bc_visuel-stop-loi-securite-globale.jpg\"><img loading=\"lazy\" class=\"aligncenter size-full wp-image-3289\" src=\"http:\/\/www.ulcgt69villefranche.fr\/wp-content\/uploads\/2020\/12\/ob_cf59bc_visuel-stop-loi-securite-globale.jpg\" alt=\"\" width=\"562\" height=\"562\" srcset=\"http:\/\/www.ulcgt69villefranche.fr\/wp-content\/uploads\/2020\/12\/ob_cf59bc_visuel-stop-loi-securite-globale.jpg 562w, http:\/\/www.ulcgt69villefranche.fr\/wp-content\/uploads\/2020\/12\/ob_cf59bc_visuel-stop-loi-securite-globale-150x150.jpg 150w, http:\/\/www.ulcgt69villefranche.fr\/wp-content\/uploads\/2020\/12\/ob_cf59bc_visuel-stop-loi-securite-globale-300x300.jpg 300w\" sizes=\"(max-width: 562px) 100vw, 562px\" \/><\/a><\/p>\n<p>Maintenons la pression contre l\u2019ensemble de la loi liberticide dite de \u00ab s\u00e9curit\u00e9 globale \u00bb .<\/p>\n<h1>Un appel \u00e0 rassemblement\u00a0 ce mardi soir 8 d\u00e9cembre\u00a0est propos\u00e9 place des\u00a0arts \u00e0\u00a0 18h,<\/h1>\n<p>dans le cadre de l\u2019appel national \u00e0 organiser\u00a0 partout en France des marches pour les libert\u00e9s contre la loi s\u00e9curit\u00e9 globale et le nouveau sch\u00e9ma de maintien de l\u2019ordre.<\/p>\n<h1><strong>L&rsquo;Union Locale vous invite \u00e0 nous\u00a0retrouver dans ses locaux\u00a0 55 impasse revin, \u00e0 17 h 30<\/strong>,<\/h1>\n<p>pour se rendre en d\u00e9ambulation jusqu&rsquo;\u00e0 la place des arts avec des flambeaux.<\/p>\n","protected":false},"excerpt":{"rendered":"<p>Maintenons la pression contre l\u2019ensemble de la loi liberticide dite de \u00ab s\u00e9curit\u00e9 globale \u00bb . Un appel \u00e0 rassemblement\u00a0 ce mardi soir 8 d\u00e9cembre\u00a0est propos\u00e9 place des\u00a0arts \u00e0\u00a0 18h, dans le cadre de l\u2019appel national \u00e0 organiser\u00a0 partout en France des marches pour les libert\u00e9s contre la loi s\u00e9curit\u00e9 globale et le nouveau sch\u00e9ma [&hellip;]<\/p>\n","protected":false},"author":3,"featured_media":0,"comment_status":"closed","ping_status":"closed","sticky":false,"template":"","format":"standard","meta":[],"categories":[1],"tags":[],"_links":{"self":[{"href":"http:\/\/www.ulcgt69villefranche.fr\/index.php?rest_route=\/wp\/v2\/posts\/3290"}],"collection":[{"href":"http:\/\/www.ulcgt69villefranche.fr\/index.php?rest_route=\/wp\/v2\/posts"}],"about":[{"href":"http:\/\/www.ulcgt69villefranche.fr\/index.php?rest_route=\/wp\/v2\/types\/post"}],"author":[{"embeddable":true,"href":"http:\/\/www.ulcgt69villefranche.fr\/index.php?rest_route=\/wp\/v2\/users\/3"}],"replies":[{"embeddable":true,"href":"http:\/\/www.ulcgt69villefranche.fr\/index.php?rest_route=%2Fwp%2Fv2%2Fcomments&post=3290"}],"version-history":[{"count":2,"href":"http:\/\/www.ulcgt69villefranche.fr\/index.php?rest_route=\/wp\/v2\/posts\/3290\/revisions"}],"predecessor-version":[{"id":3292,"href":"http:\/\/www.ulcgt69villefranche.fr\/index.php?rest_route=\/wp\/v2\/posts\/3290\/revisions\/3292"}],"wp:attachment":[{"href":"http:\/\/www.ulcgt69villefranche.fr\/index.php?rest_route=%2Fwp%2Fv2%2Fmedia&parent=3290"}],"wp:term":[{"taxonomy":"category","embeddable":true,"href":"http:\/\/www.ulcgt69villefranche.fr\/index.php?rest_route=%2Fwp%2Fv2%2Fcategories&post=3290"},{"taxonomy":"post_tag","embeddable":true,"href":"http:\/\/www.ulcgt69villefranche.fr\/index.php?rest_route=%2Fwp%2Fv2%2Ftags&post=3290"}],"curies":[{"name":"wp","href":"https:\/\/api.w.org\/{rel}","templated":true}]}}