{"id":3274,"date":"2020-11-21T16:52:35","date_gmt":"2020-11-21T15:52:35","guid":{"rendered":"http:\/\/www.ulcgt69villefranche.fr\/?p=3274"},"modified":"2021-12-16T19:33:00","modified_gmt":"2021-12-16T18:33:00","slug":"24-11-20-rassemblement-18h-place-des-arts","status":"publish","type":"post","link":"http:\/\/www.ulcgt69villefranche.fr\/?p=3274","title":{"rendered":"24\/11\/20 : RASSEMBLEMENT 18H PLACE DES ARTS"},"content":{"rendered":"<p><a href=\"http:\/\/www.ulcgt69villefranche.fr\/wp-content\/uploads\/2020\/11\/20201121_165828.jpg\"><img loading=\"lazy\" class=\"aligncenter size-full wp-image-3281\" src=\"http:\/\/www.ulcgt69villefranche.fr\/wp-content\/uploads\/2020\/11\/20201121_165828.jpg\" alt=\"\" width=\"709\" height=\"278\" srcset=\"http:\/\/www.ulcgt69villefranche.fr\/wp-content\/uploads\/2020\/11\/20201121_165828.jpg 709w, http:\/\/www.ulcgt69villefranche.fr\/wp-content\/uploads\/2020\/11\/20201121_165828-300x118.jpg 300w\" sizes=\"(max-width: 709px) 100vw, 709px\" \/><\/a>Depuis le mardi 17 novembre, le projet de loi \u00ab\u00a0s\u00e9curit\u00e9 globale\u00a0\u00bb est d\u00e9battu en proc\u00e9dure acc\u00e9l\u00e9r\u00e9e \u00e0 l&rsquo;Assembl\u00e9e Nationale&#8230;<br \/>\nDe nombreux rassemblements ont eu lieu mardi 17 pour d\u00e9noncer le caract\u00e8re s\u00e9curitaire et liberticide de cette loi, qui fait aussi d\u00e9bat au sein de l&rsquo;h\u00e9micycle.<\/p>\n<p>Nous appelons \u00e0 nous f\u00e9d\u00e9rer pour un nouveau rassemblement d\u00e9clar\u00e9 et autoris\u00e9 devant la sous-pr\u00e9fecture de #VillefrancheSurSa\u00f4ne, mardi 24 novembre (jour de la 2\u00e8 s\u00e9ance publique et du vote \u00e0 l&rsquo;Assembl\u00e9e).<\/p>\n<h1>RASSEMBLEMENT &#8211; S\u00c9CURIT\u00c9 INDIVIDUELLE ET COLLECTIVE<br \/>\nL&rsquo;\u00e9v\u00e9nement est d\u00e9clar\u00e9 et autoris\u00e9 par la pr\u00e9fecture : mardi 24\/11, 18h, Place des Arts.<\/h1>\n<p><!--more--><br \/>\nVous pouvez vous munir d&rsquo;une autorisation Covid19 avec coch\u00e9e la case \u00abparticipation \u00e0 des missions d&rsquo;int\u00e9r\u00eat g\u00e9n\u00e9ral sur demande de l&rsquo;autorit\u00e9 administrative\u00bb. Sur place, nous invitons chacun\u00b7e \u00e0 venir avec son masque, avec du gel hydro-alcoolique et \u00e0 respecter une distance de 1 m entre chaque personne.<\/p>\n<p>APPEL A PARTICIPATION<br \/>\nNous comptons sur vous pour participer aux prises de parole, aux pr\u00e9sentations des diff\u00e9rents collectifs, aux initiatives artistiques, et \u00e0 toute forme d&rsquo;exp\u00e9rience d\u00e9mocratique et vivante.<br \/>\nContactez-nous en amont si vous souhaitez faire une prise de parole, une repr\u00e9sentation artistique etc&#8230; Bref, cr\u00e9ativit\u00e9 et auto-gestion ! On se chargera de la logistique pour que tout le monde puisse s&rsquo;exprimer.<br \/>\nPour les personnes qui ne peuvent pas se d\u00e9placer \u00e0 cet horaire, nous pensons \u00e0 vous et vous pourrez participer \u00e0 distance, restez connect\u00e9\u00b7es !<\/p>\n","protected":false},"excerpt":{"rendered":"<p>Depuis le mardi 17 novembre, le projet de loi \u00ab\u00a0s\u00e9curit\u00e9 globale\u00a0\u00bb est d\u00e9battu en proc\u00e9dure acc\u00e9l\u00e9r\u00e9e \u00e0 l&rsquo;Assembl\u00e9e Nationale&#8230; De nombreux rassemblements ont eu lieu mardi 17 pour d\u00e9noncer le caract\u00e8re s\u00e9curitaire et liberticide de cette loi, qui fait aussi d\u00e9bat au sein de l&rsquo;h\u00e9micycle. Nous appelons \u00e0 nous f\u00e9d\u00e9rer pour un nouveau rassemblement d\u00e9clar\u00e9 [&hellip;]<\/p>\n","protected":false},"author":3,"featured_media":0,"comment_status":"closed","ping_status":"closed","sticky":false,"template":"","format":"standard","meta":[],"categories":[1],"tags":[],"_links":{"self":[{"href":"http:\/\/www.ulcgt69villefranche.fr\/index.php?rest_route=\/wp\/v2\/posts\/3274"}],"collection":[{"href":"http:\/\/www.ulcgt69villefranche.fr\/index.php?rest_route=\/wp\/v2\/posts"}],"about":[{"href":"http:\/\/www.ulcgt69villefranche.fr\/index.php?rest_route=\/wp\/v2\/types\/post"}],"author":[{"embeddable":true,"href":"http:\/\/www.ulcgt69villefranche.fr\/index.php?rest_route=\/wp\/v2\/users\/3"}],"replies":[{"embeddable":true,"href":"http:\/\/www.ulcgt69villefranche.fr\/index.php?rest_route=%2Fwp%2Fv2%2Fcomments&post=3274"}],"version-history":[{"count":6,"href":"http:\/\/www.ulcgt69villefranche.fr\/index.php?rest_route=\/wp\/v2\/posts\/3274\/revisions"}],"predecessor-version":[{"id":3282,"href":"http:\/\/www.ulcgt69villefranche.fr\/index.php?rest_route=\/wp\/v2\/posts\/3274\/revisions\/3282"}],"wp:attachment":[{"href":"http:\/\/www.ulcgt69villefranche.fr\/index.php?rest_route=%2Fwp%2Fv2%2Fmedia&parent=3274"}],"wp:term":[{"taxonomy":"category","embeddable":true,"href":"http:\/\/www.ulcgt69villefranche.fr\/index.php?rest_route=%2Fwp%2Fv2%2Fcategories&post=3274"},{"taxonomy":"post_tag","embeddable":true,"href":"http:\/\/www.ulcgt69villefranche.fr\/index.php?rest_route=%2Fwp%2Fv2%2Ftags&post=3274"}],"curies":[{"name":"wp","href":"https:\/\/api.w.org\/{rel}","templated":true}]}}