{"id":3251,"date":"2020-11-09T18:41:38","date_gmt":"2020-11-09T17:41:38","guid":{"rendered":"http:\/\/www.ulcgt69villefranche.fr\/?p=3251"},"modified":"2021-12-16T19:33:59","modified_gmt":"2021-12-16T18:33:59","slug":"09-11-20-faites-appel-aux-defenseurs-syndicaux","status":"publish","type":"post","link":"http:\/\/www.ulcgt69villefranche.fr\/?p=3251","title":{"rendered":"09\/11\/20 : FAITES APPEL AUX DEFENSEURS SYNDICAUX"},"content":{"rendered":"<p><a href=\"http:\/\/www.ulcgt69villefranche.fr\/wp-content\/uploads\/2020\/11\/covid.png\"><img loading=\"lazy\" class=\"aligncenter size-full wp-image-3252\" src=\"http:\/\/www.ulcgt69villefranche.fr\/wp-content\/uploads\/2020\/11\/covid.png\" alt=\"\" width=\"323\" height=\"153\" srcset=\"http:\/\/www.ulcgt69villefranche.fr\/wp-content\/uploads\/2020\/11\/covid.png 323w, http:\/\/www.ulcgt69villefranche.fr\/wp-content\/uploads\/2020\/11\/covid-300x142.png 300w\" sizes=\"(max-width: 323px) 100vw, 323px\" \/><\/a><\/p>\n<p style=\"text-align: center;\"><a href=\"http:\/\/www.ulcgt69villefranche.fr\/wp-content\/uploads\/2020\/11\/liste-d\u00e9fenseurs-syndicaux-au-021120.pdf\" target=\"_blank\" rel=\"noopener noreferrer\">liste d\u00e9fenseurs syndicaux au 021120<\/a><\/p>\n<p>En raison du confinement et pour assurer une continuit\u00e9 des activit\u00e9s de notre Union Locale, nous vous informons que l&rsquo;UL assure des permanences:<\/p>\n<p>&#8211; Par t\u00e9l\u00e9phone au 04.74.65.25.31<\/p>\n<p>&#8211; dans nos locaux, prioritairement sur rendez vous les mardis et jeudis de 14H \u00e0 18H<\/p>\n<p>&#8211; Par mail : <a href=\"mailto:ulcgtvillefranche69@free.fr\">ulcgtvillefranche69@free.fr<\/a><\/p>\n<p>N&rsquo;h\u00e9sitez pas \u00e0 nous solliciter si vous rencontrez des probl\u00e8mes ou des difficult\u00e9s et nous faire remonter les actualit\u00e9s de vos entreprises ou administrations.<\/p>\n<p>Prenez soin de vous.<\/p>\n","protected":false},"excerpt":{"rendered":"<p>liste d\u00e9fenseurs syndicaux au 021120 En raison du confinement et pour assurer une continuit\u00e9 des activit\u00e9s de notre Union Locale, nous vous informons que l&rsquo;UL assure des permanences: &#8211; Par t\u00e9l\u00e9phone au 04.74.65.25.31 &#8211; dans nos locaux, prioritairement sur rendez vous les mardis et jeudis de 14H \u00e0 18H &#8211; Par mail : ulcgtvillefranche69@free.fr N&rsquo;h\u00e9sitez [&hellip;]<\/p>\n","protected":false},"author":3,"featured_media":0,"comment_status":"closed","ping_status":"closed","sticky":false,"template":"","format":"standard","meta":[],"categories":[1],"tags":[],"_links":{"self":[{"href":"http:\/\/www.ulcgt69villefranche.fr\/index.php?rest_route=\/wp\/v2\/posts\/3251"}],"collection":[{"href":"http:\/\/www.ulcgt69villefranche.fr\/index.php?rest_route=\/wp\/v2\/posts"}],"about":[{"href":"http:\/\/www.ulcgt69villefranche.fr\/index.php?rest_route=\/wp\/v2\/types\/post"}],"author":[{"embeddable":true,"href":"http:\/\/www.ulcgt69villefranche.fr\/index.php?rest_route=\/wp\/v2\/users\/3"}],"replies":[{"embeddable":true,"href":"http:\/\/www.ulcgt69villefranche.fr\/index.php?rest_route=%2Fwp%2Fv2%2Fcomments&post=3251"}],"version-history":[{"count":3,"href":"http:\/\/www.ulcgt69villefranche.fr\/index.php?rest_route=\/wp\/v2\/posts\/3251\/revisions"}],"predecessor-version":[{"id":3557,"href":"http:\/\/www.ulcgt69villefranche.fr\/index.php?rest_route=\/wp\/v2\/posts\/3251\/revisions\/3557"}],"wp:attachment":[{"href":"http:\/\/www.ulcgt69villefranche.fr\/index.php?rest_route=%2Fwp%2Fv2%2Fmedia&parent=3251"}],"wp:term":[{"taxonomy":"category","embeddable":true,"href":"http:\/\/www.ulcgt69villefranche.fr\/index.php?rest_route=%2Fwp%2Fv2%2Fcategories&post=3251"},{"taxonomy":"post_tag","embeddable":true,"href":"http:\/\/www.ulcgt69villefranche.fr\/index.php?rest_route=%2Fwp%2Fv2%2Ftags&post=3251"}],"curies":[{"name":"wp","href":"https:\/\/api.w.org\/{rel}","templated":true}]}}