{"id":3240,"date":"2020-10-10T14:42:35","date_gmt":"2020-10-10T12:42:35","guid":{"rendered":"http:\/\/www.ulcgt69villefranche.fr\/?p=3240"},"modified":"2021-12-16T19:34:09","modified_gmt":"2021-12-16T18:34:09","slug":"14-10-20-rassemblement-place-des-arts-a-14h","status":"publish","type":"post","link":"http:\/\/www.ulcgt69villefranche.fr\/?p=3240","title":{"rendered":"14-15\/10\/20 : RASSEMBLEMENTS \u00e0 VILLEFRANCHE"},"content":{"rendered":"<h1 style=\"text-align: center; padding-left: 30px;\">14\/10\/20 : RASSEMBLEMENT 14H PLACE DES ARTS<br \/>\n<img loading=\"lazy\" class=\"aligncenter size-full wp-image-3241\" src=\"http:\/\/www.ulcgt69villefranche.fr\/wp-content\/uploads\/2020\/10\/14-octobre-2020.png\" alt=\"\" width=\"404\" height=\"512\" srcset=\"http:\/\/www.ulcgt69villefranche.fr\/wp-content\/uploads\/2020\/10\/14-octobre-2020.png 404w, http:\/\/www.ulcgt69villefranche.fr\/wp-content\/uploads\/2020\/10\/14-octobre-2020-237x300.png 237w\" sizes=\"(max-width: 404px) 100vw, 404px\" \/><\/h1>\n<p>Dans le cadre de la riposte pour l&#8217;emploi et la dignit\u00e9, la CGT continue de lutter comme le 06 Octobre dernier devant le MEDEF \u00e0 Lyon.<\/p>\n<p>Avant le rassemblement du samedi 17\/10 \u00e0 Paris, c&rsquo;est \u00e0 <strong>Villefranche<\/strong> <strong>devant<\/strong> <strong>la sous-pr\u00e9fecture<\/strong> que nous nous r\u00e9unirons <strong>le 14\/10 \u00e0 14h<\/strong> pour d\u00e9noncer les cadeaux fiscaux fait aux actionnaires par l&rsquo;\u00e9tat.<\/p>\n<p>Ces centaines de milliards via le CICE, CIR et autres, sont \u00ab\u00a0un pognon de dingue\u00a0\u00bb qui ne va pas ni \u00e0 l&#8217;emploi, ni \u00e0 l&rsquo;investissement, ni dans les salaires.<\/p>\n<p><strong>LOCALEMENT<\/strong><\/p>\n<p><strong>Toujours pas d&#8217;embauche massif \u00e0 l&rsquo;H\u00f4pital<\/strong><\/p>\n<p><strong>Des centaines d&#8217;emplois supprim\u00e9s\u00a0\u00e0 ST Jean industrie, Bayer, SBTN, Spicer, Intermarch\u00e9 Reyrieux et la liste est encore longue&#8230;<\/strong><\/p>\n<p><strong>Des Pompiers qui manifestent dans le Rh\u00f4ne&#8230; Des Profs, des aides soignantes, infirmi\u00e8res, etc au ch\u00f4mage ou broy\u00e9s dans leurs structures tout comme dans le priv\u00e9, \u00e7a suffit !<\/strong><\/p>\n<p>La CGT r\u00e9clame l&#8217;emploi et la dignit\u00e9, droit constitutionnel en France.<\/p>\n<p>Nous demandons l&rsquo;arr\u00eat imm\u00e9diat des cadeaux fiscaux de l&rsquo;\u00e9tat au patronat, pour que cet argent n&rsquo;aille plus dans la poche des actionnaires et dans les\u00a0 paradis fiscaux.<\/p>\n<p>Nous revendiquons le SMIC \u00e0 1 900 euros brut pour 32h par semaine, (la convention pour le climat demandait la semaine \u00e0 28h)<\/p>\n<p>Lors du rassemblement devant<strong> la sous-pr\u00e9fecture le 14\/10 \u00e0 14h <\/strong>des prises de paroles auront lieux et nos r\u00e9clamations et revendications serons d\u00e9pos\u00e9es en sous-pr\u00e9fecture.<\/p>\n<h1 style=\"text-align: center;\">15\/10\/20 : RASSEMBLEMENT SUR LE PARVIS DE L&rsquo;H\u00d4PITAL DE 7H \u00c0 11H<\/h1>\n<p><strong>Nous appelons toutes celles et ceux qui le souhaitent \u00e0 rejoindre le syndicat CGT de l&rsquo;H\u00f4pital le jeudi 15 octobre de 07h \u00e0 11h devant celui-ci.\u00a0<\/strong><\/p>\n<p style=\"padding-left: 30px;\"><a href=\"http:\/\/www.ulcgt69villefranche.fr\/wp-content\/uploads\/2020\/10\/pr\u00e9avis-gr\u00e8ve-du-15-octobre-2020-PLUS-RASSEMBLEMENT.pdf\">pr\u00e9avis gr\u00e8ve du 15 octobre 2020 PLUS RASSEMBLEMENT<\/a><\/p>\n<p><a href=\"http:\/\/www.ulcgt69villefranche.fr\/wp-content\/uploads\/2020\/10\/20201013_072951.jpg\"><img loading=\"lazy\" class=\"aligncenter size-full wp-image-3245\" src=\"http:\/\/www.ulcgt69villefranche.fr\/wp-content\/uploads\/2020\/10\/20201013_072951.jpg\" alt=\"\" width=\"630\" height=\"884\" srcset=\"http:\/\/www.ulcgt69villefranche.fr\/wp-content\/uploads\/2020\/10\/20201013_072951.jpg 630w, http:\/\/www.ulcgt69villefranche.fr\/wp-content\/uploads\/2020\/10\/20201013_072951-214x300.jpg 214w\" sizes=\"(max-width: 630px) 100vw, 630px\" \/><\/a><\/p>\n","protected":false},"excerpt":{"rendered":"<p>14\/10\/20 : RASSEMBLEMENT 14H PLACE DES ARTS Dans le cadre de la riposte pour l&#8217;emploi et la dignit\u00e9, la CGT continue de lutter comme le 06 Octobre dernier devant le MEDEF \u00e0 Lyon. Avant le rassemblement du samedi 17\/10 \u00e0 Paris, c&rsquo;est \u00e0 Villefranche devant la sous-pr\u00e9fecture que nous nous r\u00e9unirons le 14\/10 \u00e0 14h [&hellip;]<\/p>\n","protected":false},"author":3,"featured_media":0,"comment_status":"closed","ping_status":"closed","sticky":false,"template":"","format":"standard","meta":[],"categories":[1],"tags":[],"_links":{"self":[{"href":"http:\/\/www.ulcgt69villefranche.fr\/index.php?rest_route=\/wp\/v2\/posts\/3240"}],"collection":[{"href":"http:\/\/www.ulcgt69villefranche.fr\/index.php?rest_route=\/wp\/v2\/posts"}],"about":[{"href":"http:\/\/www.ulcgt69villefranche.fr\/index.php?rest_route=\/wp\/v2\/types\/post"}],"author":[{"embeddable":true,"href":"http:\/\/www.ulcgt69villefranche.fr\/index.php?rest_route=\/wp\/v2\/users\/3"}],"replies":[{"embeddable":true,"href":"http:\/\/www.ulcgt69villefranche.fr\/index.php?rest_route=%2Fwp%2Fv2%2Fcomments&post=3240"}],"version-history":[{"count":5,"href":"http:\/\/www.ulcgt69villefranche.fr\/index.php?rest_route=\/wp\/v2\/posts\/3240\/revisions"}],"predecessor-version":[{"id":3248,"href":"http:\/\/www.ulcgt69villefranche.fr\/index.php?rest_route=\/wp\/v2\/posts\/3240\/revisions\/3248"}],"wp:attachment":[{"href":"http:\/\/www.ulcgt69villefranche.fr\/index.php?rest_route=%2Fwp%2Fv2%2Fmedia&parent=3240"}],"wp:term":[{"taxonomy":"category","embeddable":true,"href":"http:\/\/www.ulcgt69villefranche.fr\/index.php?rest_route=%2Fwp%2Fv2%2Fcategories&post=3240"},{"taxonomy":"post_tag","embeddable":true,"href":"http:\/\/www.ulcgt69villefranche.fr\/index.php?rest_route=%2Fwp%2Fv2%2Ftags&post=3240"}],"curies":[{"name":"wp","href":"https:\/\/api.w.org\/{rel}","templated":true}]}}