{"id":3235,"date":"2020-09-21T23:35:44","date_gmt":"2020-09-21T21:35:44","guid":{"rendered":"http:\/\/www.ulcgt69villefranche.fr\/?p=3235"},"modified":"2021-12-16T19:34:17","modified_gmt":"2021-12-16T18:34:17","slug":"22-09-20-on-demenage","status":"publish","type":"post","link":"http:\/\/www.ulcgt69villefranche.fr\/?p=3235","title":{"rendered":"22\/09\/20 : ON D\u00c9M\u00c9NAGE !"},"content":{"rendered":"<p><a href=\"http:\/\/www.ulcgt69villefranche.fr\/wp-content\/uploads\/2020\/09\/demenagement.jpg\"><img loading=\"lazy\" class=\"aligncenter size-full wp-image-3234\" src=\"http:\/\/www.ulcgt69villefranche.fr\/wp-content\/uploads\/2020\/09\/demenagement.jpg\" alt=\"\" width=\"359\" height=\"240\" srcset=\"http:\/\/www.ulcgt69villefranche.fr\/wp-content\/uploads\/2020\/09\/demenagement.jpg 359w, http:\/\/www.ulcgt69villefranche.fr\/wp-content\/uploads\/2020\/09\/demenagement-300x201.jpg 300w\" sizes=\"(max-width: 359px) 100vw, 359px\" \/><\/a><\/p>\n<p style=\"text-align: center;\">Pour cause de travaux \u00e0 la Bourse du travail, l&rsquo;Union Locale CGT de Villefranche du Beaujolais et du Val de Sa\u00f4ne d\u00e9m\u00e9nage pour une dur\u00e9e ind\u00e9termin\u00e9e au :<\/p>\n<h1 style=\"text-align: center;\">55 Impasse Revin (proche du promenoir) 69400 VILLEFRANCHE<\/h1>\n<p style=\"text-align: center;\">\u00e0 compter du 22 septembre 2020<\/p>\n","protected":false},"excerpt":{"rendered":"<p>Pour cause de travaux \u00e0 la Bourse du travail, l&rsquo;Union Locale CGT de Villefranche du Beaujolais et du Val de Sa\u00f4ne d\u00e9m\u00e9nage pour une dur\u00e9e ind\u00e9termin\u00e9e au : 55 Impasse Revin (proche du promenoir) 69400 VILLEFRANCHE \u00e0 compter du 22 septembre 2020<\/p>\n","protected":false},"author":3,"featured_media":0,"comment_status":"closed","ping_status":"closed","sticky":false,"template":"","format":"standard","meta":[],"categories":[1],"tags":[],"_links":{"self":[{"href":"http:\/\/www.ulcgt69villefranche.fr\/index.php?rest_route=\/wp\/v2\/posts\/3235"}],"collection":[{"href":"http:\/\/www.ulcgt69villefranche.fr\/index.php?rest_route=\/wp\/v2\/posts"}],"about":[{"href":"http:\/\/www.ulcgt69villefranche.fr\/index.php?rest_route=\/wp\/v2\/types\/post"}],"author":[{"embeddable":true,"href":"http:\/\/www.ulcgt69villefranche.fr\/index.php?rest_route=\/wp\/v2\/users\/3"}],"replies":[{"embeddable":true,"href":"http:\/\/www.ulcgt69villefranche.fr\/index.php?rest_route=%2Fwp%2Fv2%2Fcomments&post=3235"}],"version-history":[{"count":3,"href":"http:\/\/www.ulcgt69villefranche.fr\/index.php?rest_route=\/wp\/v2\/posts\/3235\/revisions"}],"predecessor-version":[{"id":3238,"href":"http:\/\/www.ulcgt69villefranche.fr\/index.php?rest_route=\/wp\/v2\/posts\/3235\/revisions\/3238"}],"wp:attachment":[{"href":"http:\/\/www.ulcgt69villefranche.fr\/index.php?rest_route=%2Fwp%2Fv2%2Fmedia&parent=3235"}],"wp:term":[{"taxonomy":"category","embeddable":true,"href":"http:\/\/www.ulcgt69villefranche.fr\/index.php?rest_route=%2Fwp%2Fv2%2Fcategories&post=3235"},{"taxonomy":"post_tag","embeddable":true,"href":"http:\/\/www.ulcgt69villefranche.fr\/index.php?rest_route=%2Fwp%2Fv2%2Ftags&post=3235"}],"curies":[{"name":"wp","href":"https:\/\/api.w.org\/{rel}","templated":true}]}}