{"id":3212,"date":"2020-08-04T17:14:44","date_gmt":"2020-08-04T15:14:44","guid":{"rendered":"http:\/\/www.ulcgt69villefranche.fr\/?p=3212"},"modified":"2021-12-16T19:34:34","modified_gmt":"2021-12-16T18:34:34","slug":"06-08-20-deploiement-delul-cgt","status":"publish","type":"post","link":"http:\/\/www.ulcgt69villefranche.fr\/?p=3212","title":{"rendered":"06\/08\/20 : D\u00c9PLOIEMENT DE L&rsquo;UL CGT"},"content":{"rendered":"<p style=\"text-align: center;\">L&rsquo;UL CGT a d\u00e9cid\u00e9 d&rsquo;un d\u00e9ploiement ce JEUDI 6 AO\u00dbT 2020<\/p>\n<p>Un point fixe d&rsquo;information avec distribution de tracts est pr\u00e9vu de 10h A 17h<\/p>\n<p style=\"text-align: center;\">&#8211; devant la plage du Bordelan en bord de Sa\u00f4ne, puis<br \/>\n&#8211; pr\u00e8s de l&rsquo;entr\u00e9e du lac de Villefranche<\/p>\n<p style=\"text-align: center;\"><span style=\"font-size: 16px;\">Syndiqu\u00e9s, militants, salari\u00e9s \u00eates les bienvenus<\/span><br style=\"font-size: 16px;\" \/><span style=\"font-size: 16px;\">Nous vous invitons \u00e0 relayer ce message\u00a0<\/span><\/p>\n<p><a href=\"http:\/\/www.ulcgt69villefranche.fr\/wp-content\/uploads\/2020\/08\/Bordelan.jpg\"><img loading=\"lazy\" class=\"aligncenter size-full wp-image-3218\" src=\"http:\/\/www.ulcgt69villefranche.fr\/wp-content\/uploads\/2020\/08\/Bordelan.jpg\" alt=\"\" width=\"524\" height=\"482\" srcset=\"http:\/\/www.ulcgt69villefranche.fr\/wp-content\/uploads\/2020\/08\/Bordelan.jpg 524w, http:\/\/www.ulcgt69villefranche.fr\/wp-content\/uploads\/2020\/08\/Bordelan-300x276.jpg 300w\" sizes=\"(max-width: 524px) 100vw, 524px\" \/><\/a><\/p>\n","protected":false},"excerpt":{"rendered":"<p>L&rsquo;UL CGT a d\u00e9cid\u00e9 d&rsquo;un d\u00e9ploiement ce JEUDI 6 AO\u00dbT 2020 Un point fixe d&rsquo;information avec distribution de tracts est pr\u00e9vu de 10h A 17h &#8211; devant la plage du Bordelan en bord de Sa\u00f4ne, puis &#8211; pr\u00e8s de l&rsquo;entr\u00e9e du lac de Villefranche Syndiqu\u00e9s, militants, salari\u00e9s \u00eates les bienvenusNous vous invitons \u00e0 relayer ce [&hellip;]<\/p>\n","protected":false},"author":3,"featured_media":0,"comment_status":"closed","ping_status":"closed","sticky":false,"template":"","format":"standard","meta":[],"categories":[1],"tags":[],"_links":{"self":[{"href":"http:\/\/www.ulcgt69villefranche.fr\/index.php?rest_route=\/wp\/v2\/posts\/3212"}],"collection":[{"href":"http:\/\/www.ulcgt69villefranche.fr\/index.php?rest_route=\/wp\/v2\/posts"}],"about":[{"href":"http:\/\/www.ulcgt69villefranche.fr\/index.php?rest_route=\/wp\/v2\/types\/post"}],"author":[{"embeddable":true,"href":"http:\/\/www.ulcgt69villefranche.fr\/index.php?rest_route=\/wp\/v2\/users\/3"}],"replies":[{"embeddable":true,"href":"http:\/\/www.ulcgt69villefranche.fr\/index.php?rest_route=%2Fwp%2Fv2%2Fcomments&post=3212"}],"version-history":[{"count":5,"href":"http:\/\/www.ulcgt69villefranche.fr\/index.php?rest_route=\/wp\/v2\/posts\/3212\/revisions"}],"predecessor-version":[{"id":3219,"href":"http:\/\/www.ulcgt69villefranche.fr\/index.php?rest_route=\/wp\/v2\/posts\/3212\/revisions\/3219"}],"wp:attachment":[{"href":"http:\/\/www.ulcgt69villefranche.fr\/index.php?rest_route=%2Fwp%2Fv2%2Fmedia&parent=3212"}],"wp:term":[{"taxonomy":"category","embeddable":true,"href":"http:\/\/www.ulcgt69villefranche.fr\/index.php?rest_route=%2Fwp%2Fv2%2Fcategories&post=3212"},{"taxonomy":"post_tag","embeddable":true,"href":"http:\/\/www.ulcgt69villefranche.fr\/index.php?rest_route=%2Fwp%2Fv2%2Ftags&post=3212"}],"curies":[{"name":"wp","href":"https:\/\/api.w.org\/{rel}","templated":true}]}}