{"id":3204,"date":"2020-07-22T09:24:38","date_gmt":"2020-07-22T07:24:38","guid":{"rendered":"http:\/\/www.ulcgt69villefranche.fr\/?p=3204"},"modified":"2021-12-16T19:34:43","modified_gmt":"2021-12-16T18:34:43","slug":"22-07-20-calendrier-ete-et-rentree","status":"publish","type":"post","link":"http:\/\/www.ulcgt69villefranche.fr\/?p=3204","title":{"rendered":"22\/07\/20 : CALENDRIER \u00c9T\u00c9 ET RENTR\u00c9E"},"content":{"rendered":"<p style=\"text-align: center;\"><strong>&#8211;<\/strong><strong> 23 juillet<\/strong> : distribution\u00a0 de tracts :<br \/>\n&#8211; Pole emploi Villefranche sur Sa\u00f4ne 9h30<br \/>\n&#8211; Pole emploi Belleville 10h \u00e0 10h30<br \/>\n&#8211; Saint Jean Industrie de 11 h \u00e0 12 h 30<\/p>\n<p><a href=\"http:\/\/www.ulcgt69villefranche.fr\/wp-content\/uploads\/2020\/07\/Distribution-de-tracts.jpg\"><img loading=\"lazy\" class=\"aligncenter size-full wp-image-3209\" src=\"http:\/\/www.ulcgt69villefranche.fr\/wp-content\/uploads\/2020\/07\/Distribution-de-tracts.jpg\" alt=\"\" width=\"1115\" height=\"847\" srcset=\"http:\/\/www.ulcgt69villefranche.fr\/wp-content\/uploads\/2020\/07\/Distribution-de-tracts.jpg 1115w, http:\/\/www.ulcgt69villefranche.fr\/wp-content\/uploads\/2020\/07\/Distribution-de-tracts-300x228.jpg 300w, http:\/\/www.ulcgt69villefranche.fr\/wp-content\/uploads\/2020\/07\/Distribution-de-tracts-768x583.jpg 768w, http:\/\/www.ulcgt69villefranche.fr\/wp-content\/uploads\/2020\/07\/Distribution-de-tracts-1024x778.jpg 1024w\" sizes=\"(max-width: 1115px) 100vw, 1115px\" \/><\/a><\/p>\n<p style=\"text-align: center;\">MERCI A TOUS LES CAMARADES DISPONIBLES DE NOUS REJOINDRE POUR CES DISTRIBUTIONS<\/p>\n<p style=\"text-align: center;\">&#8211; <strong>7 septembre<\/strong> : Assembl\u00e9e G\u00e9n\u00e9rale \u00e0 16 h 30<\/p>\n<p style=\"text-align: center;\">&#8211; <strong>17 septembre<\/strong> : Journ\u00e9e d&rsquo;appel National \u00e0 gr\u00e8ve et manifestation<\/p>\n<p style=\"text-align: center;\">Rappel : nous d\u00e9m\u00e9nageons courant Septembre Impasse Revin<\/p>\n<p style=\"text-align: center;\"><strong><u>LE BUREAU DE L&rsquo;UL VOUS SOUHAITE UN BEL\u00a0<\/u><\/strong><u><b>\u00c9T\u00c9<\/b><br \/>\n<b>ET DE BONNES VACANCES<\/b><\/u><\/p>\n<p><a href=\"http:\/\/www.ulcgt69villefranche.fr\/wp-content\/uploads\/2020\/07\/Cong\u00e9s-pay\u00e9s.jpg\"><img loading=\"lazy\" class=\"aligncenter size-full wp-image-3203\" src=\"http:\/\/www.ulcgt69villefranche.fr\/wp-content\/uploads\/2020\/07\/Cong\u00e9s-pay\u00e9s.jpg\" alt=\"\" width=\"507\" height=\"529\" srcset=\"http:\/\/www.ulcgt69villefranche.fr\/wp-content\/uploads\/2020\/07\/Cong\u00e9s-pay\u00e9s.jpg 507w, http:\/\/www.ulcgt69villefranche.fr\/wp-content\/uploads\/2020\/07\/Cong\u00e9s-pay\u00e9s-288x300.jpg 288w\" sizes=\"(max-width: 507px) 100vw, 507px\" \/><\/a><\/p>\n","protected":false},"excerpt":{"rendered":"<p>&#8211; 23 juillet : distribution\u00a0 de tracts : &#8211; Pole emploi Villefranche sur Sa\u00f4ne 9h30 &#8211; Pole emploi Belleville 10h \u00e0 10h30 &#8211; Saint Jean Industrie de 11 h \u00e0 12 h 30 MERCI A TOUS LES CAMARADES DISPONIBLES DE NOUS REJOINDRE POUR CES DISTRIBUTIONS &#8211; 7 septembre : Assembl\u00e9e G\u00e9n\u00e9rale \u00e0 16 h 30 [&hellip;]<\/p>\n","protected":false},"author":3,"featured_media":0,"comment_status":"closed","ping_status":"closed","sticky":false,"template":"","format":"standard","meta":[],"categories":[1],"tags":[],"_links":{"self":[{"href":"http:\/\/www.ulcgt69villefranche.fr\/index.php?rest_route=\/wp\/v2\/posts\/3204"}],"collection":[{"href":"http:\/\/www.ulcgt69villefranche.fr\/index.php?rest_route=\/wp\/v2\/posts"}],"about":[{"href":"http:\/\/www.ulcgt69villefranche.fr\/index.php?rest_route=\/wp\/v2\/types\/post"}],"author":[{"embeddable":true,"href":"http:\/\/www.ulcgt69villefranche.fr\/index.php?rest_route=\/wp\/v2\/users\/3"}],"replies":[{"embeddable":true,"href":"http:\/\/www.ulcgt69villefranche.fr\/index.php?rest_route=%2Fwp%2Fv2%2Fcomments&post=3204"}],"version-history":[{"count":4,"href":"http:\/\/www.ulcgt69villefranche.fr\/index.php?rest_route=\/wp\/v2\/posts\/3204\/revisions"}],"predecessor-version":[{"id":3210,"href":"http:\/\/www.ulcgt69villefranche.fr\/index.php?rest_route=\/wp\/v2\/posts\/3204\/revisions\/3210"}],"wp:attachment":[{"href":"http:\/\/www.ulcgt69villefranche.fr\/index.php?rest_route=%2Fwp%2Fv2%2Fmedia&parent=3204"}],"wp:term":[{"taxonomy":"category","embeddable":true,"href":"http:\/\/www.ulcgt69villefranche.fr\/index.php?rest_route=%2Fwp%2Fv2%2Fcategories&post=3204"},{"taxonomy":"post_tag","embeddable":true,"href":"http:\/\/www.ulcgt69villefranche.fr\/index.php?rest_route=%2Fwp%2Fv2%2Ftags&post=3204"}],"curies":[{"name":"wp","href":"https:\/\/api.w.org\/{rel}","templated":true}]}}