{"id":3180,"date":"2020-06-11T07:18:14","date_gmt":"2020-06-11T05:18:14","guid":{"rendered":"http:\/\/www.ulcgt69villefranche.fr\/?p=3180"},"modified":"2021-12-16T19:35:08","modified_gmt":"2021-12-16T18:35:08","slug":"16-06-20-manifestation-parcours-pour-la-sante","status":"publish","type":"post","link":"http:\/\/www.ulcgt69villefranche.fr\/?p=3180","title":{"rendered":"16\/06\/20 : MANIFESTATION PARCOURS POUR LA SANT\u00c9"},"content":{"rendered":"<p><a href=\"http:\/\/www.ulcgt69villefranche.fr\/wp-content\/uploads\/2020\/06\/20200611_071714.jpg\"><img loading=\"lazy\" class=\"aligncenter size-full wp-image-3183\" src=\"http:\/\/www.ulcgt69villefranche.fr\/wp-content\/uploads\/2020\/06\/20200611_071714.jpg\" alt=\"\" width=\"558\" height=\"383\" srcset=\"http:\/\/www.ulcgt69villefranche.fr\/wp-content\/uploads\/2020\/06\/20200611_071714.jpg 558w, http:\/\/www.ulcgt69villefranche.fr\/wp-content\/uploads\/2020\/06\/20200611_071714-300x206.jpg 300w\" sizes=\"(max-width: 558px) 100vw, 558px\" \/><\/a><\/p>\n<p>Parce que ni les applaudissements ni les m\u00e9dailles ne suffiront\u00a0 !<br \/>\nPour que le syst\u00e8me de sant\u00e9 retrouvent les moyens n\u00e9cessaires pour soigner dignement la population<\/p>\n<ul>\n<li>pour que les premiers de corv\u00e9es pendant la pand\u00e9mie qu\u2019ils soient de la sant\u00e9 ,du commerce ,des transports ,de la poste ou des services publics soient r\u00e9mun\u00e9r\u00e9s\u00a0\u00e0 la hauteur de l\u2019utilit\u00e9 sociale de leur travail ,<\/li>\n<li>pour que les jours d\u2019apr\u00e8s deviennent les jours heureux ,<\/li>\n<\/ul>\n<p>L\u2019UL appelle tous les travailleurs\u00a0\u00e0 participer le mardi 16 juin \u00e0 son PARCOURS POUR LA SANTE<br \/>\n<a href=\"http:\/\/www.ulcgt69villefranche.fr\/wp-content\/uploads\/2020\/06\/20200609154700215-1.pdf\" target=\"_blank\" rel=\"noopener noreferrer\">MODALITES\u00a0 sur le tract d&rsquo;appel en cliquant sur ce lien<\/a><\/p>\n","protected":false},"excerpt":{"rendered":"<p>Parce que ni les applaudissements ni les m\u00e9dailles ne suffiront\u00a0 ! Pour que le syst\u00e8me de sant\u00e9 retrouvent les moyens n\u00e9cessaires pour soigner dignement la population pour que les premiers de corv\u00e9es pendant la pand\u00e9mie qu\u2019ils soient de la sant\u00e9 ,du commerce ,des transports ,de la poste ou des services publics soient r\u00e9mun\u00e9r\u00e9s\u00a0\u00e0 la hauteur [&hellip;]<\/p>\n","protected":false},"author":3,"featured_media":0,"comment_status":"closed","ping_status":"closed","sticky":false,"template":"","format":"standard","meta":[],"categories":[1],"tags":[],"_links":{"self":[{"href":"http:\/\/www.ulcgt69villefranche.fr\/index.php?rest_route=\/wp\/v2\/posts\/3180"}],"collection":[{"href":"http:\/\/www.ulcgt69villefranche.fr\/index.php?rest_route=\/wp\/v2\/posts"}],"about":[{"href":"http:\/\/www.ulcgt69villefranche.fr\/index.php?rest_route=\/wp\/v2\/types\/post"}],"author":[{"embeddable":true,"href":"http:\/\/www.ulcgt69villefranche.fr\/index.php?rest_route=\/wp\/v2\/users\/3"}],"replies":[{"embeddable":true,"href":"http:\/\/www.ulcgt69villefranche.fr\/index.php?rest_route=%2Fwp%2Fv2%2Fcomments&post=3180"}],"version-history":[{"count":5,"href":"http:\/\/www.ulcgt69villefranche.fr\/index.php?rest_route=\/wp\/v2\/posts\/3180\/revisions"}],"predecessor-version":[{"id":3559,"href":"http:\/\/www.ulcgt69villefranche.fr\/index.php?rest_route=\/wp\/v2\/posts\/3180\/revisions\/3559"}],"wp:attachment":[{"href":"http:\/\/www.ulcgt69villefranche.fr\/index.php?rest_route=%2Fwp%2Fv2%2Fmedia&parent=3180"}],"wp:term":[{"taxonomy":"category","embeddable":true,"href":"http:\/\/www.ulcgt69villefranche.fr\/index.php?rest_route=%2Fwp%2Fv2%2Fcategories&post=3180"},{"taxonomy":"post_tag","embeddable":true,"href":"http:\/\/www.ulcgt69villefranche.fr\/index.php?rest_route=%2Fwp%2Fv2%2Ftags&post=3180"}],"curies":[{"name":"wp","href":"https:\/\/api.w.org\/{rel}","templated":true}]}}