{"id":3150,"date":"2020-04-30T20:24:22","date_gmt":"2020-04-30T18:24:22","guid":{"rendered":"http:\/\/www.ulcgt69villefranche.fr\/?p=3150"},"modified":"2021-12-16T19:36:45","modified_gmt":"2021-12-16T18:36:45","slug":"01-05-20-pour-un-monde-meilleur","status":"publish","type":"post","link":"http:\/\/www.ulcgt69villefranche.fr\/?p=3150","title":{"rendered":"01\/05\/20 : POUR UN MONDE MEILLEUR !"},"content":{"rendered":"<p><a href=\"http:\/\/www.ulcgt69villefranche.fr\/wp-content\/uploads\/2020\/04\/affiche-1er-mai-A3-pdf.jpg\"><img loading=\"lazy\" class=\"aligncenter wp-image-3152 size-medium\" src=\"http:\/\/www.ulcgt69villefranche.fr\/wp-content\/uploads\/2020\/04\/affiche-1er-mai-A3-pdf-212x300.jpg\" alt=\"\" width=\"212\" height=\"300\" srcset=\"http:\/\/www.ulcgt69villefranche.fr\/wp-content\/uploads\/2020\/04\/affiche-1er-mai-A3-pdf-212x300.jpg 212w, http:\/\/www.ulcgt69villefranche.fr\/wp-content\/uploads\/2020\/04\/affiche-1er-mai-A3-pdf-768x1086.jpg 768w, http:\/\/www.ulcgt69villefranche.fr\/wp-content\/uploads\/2020\/04\/affiche-1er-mai-A3-pdf-724x1024.jpg 724w\" sizes=\"(max-width: 212px) 100vw, 212px\" \/><\/a><\/p>\n<h1 style=\"text-align: center;\">Saisissez l\u2019occasion pour afficher, sur les r\u00e9seaux sociaux\u00a0<a class=\"oajrlxb2 g5ia77u1 qu0x051f esr5mh6w e9989ue4 r7d6kgcz rq0escxv nhd2j8a9 nc684nl6 p7hjln8o kvgmc6g5 cxmmr5t8 oygrvhab hcukyx3x jb3vyjys rz4wbd8a qt6c0cv9 a8nywdso i1ao9s8h esuyzwwr f1sip0of lzcic4wl oo9gr5id gpro0wi8 lrazzd5p\" tabindex=\"0\" role=\"link\" href=\"https:\/\/www.facebook.com\/hashtag\/1maicgt?__cft__[0]=AZXHeYCq3w33LFgMYdm7YNYGwx5RM95-DLLb3we3tYhWDRjNF024aiS28j6Jd5-EBO_axUhOQnYTux-cOrIPfo6XyporPF4OFiuapXoPJOJG4y6fDNr_bTFKuhidiInEz_g&amp;__tn__=*NK-R\">#1maicgt<\/a>, sur votre balcon, votre fen\u00eatre, sur les murs\u2026 votre revendication.<\/h1>\n<p>Enfin le d\u00e9 confinement se profile \u00e0 l\u2019horizon. Tout reste encore flou\u2026 Rien d\u2019\u00e9tonnant, deux mois que ce gouvernement entretient le flou.<\/p>\n<p>Pourtant, le moral remonte : Vous imaginez s\u00fbrement : les repas de famille, les soir\u00e9es entre amis, un petit verre de vin blanc bien frais en fin de journ\u00e9e sur une terrasse de caf\u00e9 le soleil dans les yeux\u2026(Il va falloir encore attendre un peu\u2026)<\/p>\n<p><strong>Mais quand c\u2019est flou c\u2019est qu\u2019il y a un loup !<\/strong><\/p>\n<p>Les discours du gouvernement et du Medef ne fredonnent pas tout \u00e0 fait le m\u00eame air. Ils voudraient nous imposer de faire plus d\u2019efforts, plus d\u2019heures de travail, prendre moins de vacances. Ils aimeraient bien nous faire payer la crise. Peut-\u00eatre imaginent-ils que tout va recommencer comme avant ?<\/p>\n<p>Qu\u2019ils vont pouvoir \u00ab profiter \u00bb comme avant sans se soucier ni des besoins de ceux qui travaillent, ni de la plan\u00e8te ?<\/p>\n<p>C\u2019est sans compter sur la mobilisation de ceux qui souhaitent que demain ne soit plus comme hier, ceux qui se mobilisent pour un monde juste, durable et solidaire.<\/p>\n<p><strong>Plus que jamais, ce 1er Mai <a class=\"oajrlxb2 g5ia77u1 qu0x051f esr5mh6w e9989ue4 r7d6kgcz rq0escxv nhd2j8a9 nc684nl6 p7hjln8o kvgmc6g5 cxmmr5t8 oygrvhab hcukyx3x jb3vyjys rz4wbd8a qt6c0cv9 a8nywdso i1ao9s8h esuyzwwr f1sip0of lzcic4wl oo9gr5id gpro0wi8 lrazzd5p\" tabindex=\"0\" role=\"link\" href=\"https:\/\/www.facebook.com\/hashtag\/1maicgt?__cft__[0]=AZXHeYCq3w33LFgMYdm7YNYGwx5RM95-DLLb3we3tYhWDRjNF024aiS28j6Jd5-EBO_axUhOQnYTux-cOrIPfo6XyporPF4OFiuapXoPJOJG4y6fDNr_bTFKuhidiInEz_g&amp;__tn__=*NK-R\">#1maicgt<\/a>\u00a0sera l\u2019occasion d\u2019exprimer ce que nous souhaitons pour demain.\u00a0<\/strong><\/p>\n<p><strong>Si nous sommes tous assigne-e-s a r\u00e9sidence nous ne sommes pas resign\u00e9-e-s.\u00a0<\/strong><\/p>\n<p>Les applaudissements ne suffiront pas\u2026 Soyons visibles, solidaires, d\u00e9termin\u00e9-e-s. Transformons le monde de demain en un monde vivable, de justice sociale, \u00e9cologiste et f\u00e9ministe !<\/p>\n<h2>Voir la vid\u00e9o YouTube conf\u00e9d\u00e9rale sp\u00e9cial 1<sup>er<\/sup>\u00a0Mai\u00a0:\u00a0<a href=\"https:\/\/www.youtube.com\/watch?v=j9SOuN6ATBg\">https:\/\/www.youtube.com\/watch?v=j9SOuN6ATBg<\/a><\/h2>\n<p>Ainsi, pour ce 1er Mai <a class=\"oajrlxb2 g5ia77u1 qu0x051f esr5mh6w e9989ue4 r7d6kgcz rq0escxv nhd2j8a9 nc684nl6 p7hjln8o kvgmc6g5 cxmmr5t8 oygrvhab hcukyx3x jb3vyjys rz4wbd8a qt6c0cv9 a8nywdso i1ao9s8h esuyzwwr f1sip0of lzcic4wl oo9gr5id gpro0wi8 lrazzd5p\" tabindex=\"0\" role=\"link\" href=\"https:\/\/www.facebook.com\/hashtag\/1maicgt?__cft__[0]=AZXHeYCq3w33LFgMYdm7YNYGwx5RM95-DLLb3we3tYhWDRjNF024aiS28j6Jd5-EBO_axUhOQnYTux-cOrIPfo6XyporPF4OFiuapXoPJOJG4y6fDNr_bTFKuhidiInEz_g&amp;__tn__=*NK-R\">#1maicgt<\/a>, afin de partager et de faire connaitre notre d\u00e9termination \u00e0 ce que ce 1er mai, soit cette ann\u00e9e plus que jamais, une journ\u00e9e de revendications pour le progr\u00e8s social,\u00a0l\u2019intersyndicale du Rh\u00f4ne vous invite \u00e0 signer et \u00e0 faire signer la Tribune des travailleuses et travailleurs du Rh\u00f4ne pour un monde meilleur.<\/p>\n<h2>Le lien :\u00a0<a href=\"https:\/\/1ermai2020unitaire69.wesign.it\/fr\">https:\/\/1ermai2020unitaire69.wesign.it\/fr<\/a><\/h2>\n<p>Le communique intersyndical national (CGT, FSU, Solidaires, Fidl, MNL, Unef, UNL) \u00ab\u00a01<sup>er<\/sup>\u00a0Mai plus que jamais\u00a0!\u00a0\u00bb:\u00a0\u00a0<a href=\"http:\/\/www.ud69.cgt.fr\/wp\/wp-content\/uploads\/CP-intersyndical-1er-mai-plus-que-jamais.pdf\">CP intersyndical 1er mai plus que jamais<\/a><\/p>\n<h1>Chacun chez soi, mais tous ensemble, donnons de la couleur et de la dynamique \u00e0 ce 1er mai\u00a0<a class=\"oajrlxb2 g5ia77u1 qu0x051f esr5mh6w e9989ue4 r7d6kgcz rq0escxv nhd2j8a9 nc684nl6 p7hjln8o kvgmc6g5 cxmmr5t8 oygrvhab hcukyx3x jb3vyjys rz4wbd8a qt6c0cv9 a8nywdso i1ao9s8h esuyzwwr f1sip0of lzcic4wl oo9gr5id gpro0wi8 lrazzd5p\" tabindex=\"0\" role=\"link\" href=\"https:\/\/www.facebook.com\/hashtag\/1maicgt?__cft__[0]=AZXHeYCq3w33LFgMYdm7YNYGwx5RM95-DLLb3we3tYhWDRjNF024aiS28j6Jd5-EBO_axUhOQnYTux-cOrIPfo6XyporPF4OFiuapXoPJOJG4y6fDNr_bTFKuhidiInEz_g&amp;__tn__=*NK-R\">#1maicgt<\/a><\/h1>\n<h2><strong><em>A relayer et faire signer massivement<\/em><\/strong><strong>\u00a0\u00ab\u00a0Plus jamais \u00e7a\u00a0! Construisons ensemble le jour d\u2019apr\u00e8s\u00a0\u00bb:<\/strong><\/h2>\n<h2><a href=\"https:\/\/www.cgt.fr\/actualites\/europe\/mobilisation\/plus-jamais-ca-construisons-ensemble-le-jour-dapres\"><strong>https:\/\/www.cgt.fr\/actualites\/europe\/mobilisation\/plus-jamais-ca-construisons-ensemble-le-jour-dapres<\/strong><\/a><\/h2>\n","protected":false},"excerpt":{"rendered":"<p>Saisissez l\u2019occasion pour afficher, sur les r\u00e9seaux sociaux\u00a0#1maicgt, sur votre balcon, votre fen\u00eatre, sur les murs\u2026 votre revendication. Enfin le d\u00e9 confinement se profile \u00e0 l\u2019horizon. Tout reste encore flou\u2026 Rien d\u2019\u00e9tonnant, deux mois que ce gouvernement entretient le flou. Pourtant, le moral remonte : Vous imaginez s\u00fbrement : les repas de famille, les soir\u00e9es [&hellip;]<\/p>\n","protected":false},"author":3,"featured_media":0,"comment_status":"closed","ping_status":"closed","sticky":false,"template":"","format":"standard","meta":[],"categories":[1],"tags":[],"_links":{"self":[{"href":"http:\/\/www.ulcgt69villefranche.fr\/index.php?rest_route=\/wp\/v2\/posts\/3150"}],"collection":[{"href":"http:\/\/www.ulcgt69villefranche.fr\/index.php?rest_route=\/wp\/v2\/posts"}],"about":[{"href":"http:\/\/www.ulcgt69villefranche.fr\/index.php?rest_route=\/wp\/v2\/types\/post"}],"author":[{"embeddable":true,"href":"http:\/\/www.ulcgt69villefranche.fr\/index.php?rest_route=\/wp\/v2\/users\/3"}],"replies":[{"embeddable":true,"href":"http:\/\/www.ulcgt69villefranche.fr\/index.php?rest_route=%2Fwp%2Fv2%2Fcomments&post=3150"}],"version-history":[{"count":3,"href":"http:\/\/www.ulcgt69villefranche.fr\/index.php?rest_route=\/wp\/v2\/posts\/3150\/revisions"}],"predecessor-version":[{"id":3154,"href":"http:\/\/www.ulcgt69villefranche.fr\/index.php?rest_route=\/wp\/v2\/posts\/3150\/revisions\/3154"}],"wp:attachment":[{"href":"http:\/\/www.ulcgt69villefranche.fr\/index.php?rest_route=%2Fwp%2Fv2%2Fmedia&parent=3150"}],"wp:term":[{"taxonomy":"category","embeddable":true,"href":"http:\/\/www.ulcgt69villefranche.fr\/index.php?rest_route=%2Fwp%2Fv2%2Fcategories&post=3150"},{"taxonomy":"post_tag","embeddable":true,"href":"http:\/\/www.ulcgt69villefranche.fr\/index.php?rest_route=%2Fwp%2Fv2%2Ftags&post=3150"}],"curies":[{"name":"wp","href":"https:\/\/api.w.org\/{rel}","templated":true}]}}