{"id":3115,"date":"2020-04-02T11:32:01","date_gmt":"2020-04-02T09:32:01","guid":{"rendered":"http:\/\/www.ulcgt69villefranche.fr\/?p=3115"},"modified":"2021-12-16T19:37:38","modified_gmt":"2021-12-16T18:37:38","slug":"02-04-20-numero-vert-cgt","status":"publish","type":"post","link":"http:\/\/www.ulcgt69villefranche.fr\/?p=3115","title":{"rendered":"02\/04\/20 : NUM\u00c9RO VERT CGT"},"content":{"rendered":"<p style=\"text-align: center;\">Pour tout savoir sur vos droits pendant cette p\u00e9riode, la CGT met \u00e0 disposition des salari\u00e9s un num\u00e9ro vert :<\/p>\n<p><a href=\"http:\/\/www.ulcgt69villefranche.fr\/wp-content\/uploads\/2020\/04\/Num\u00e9ro-vert.jpg\"><img loading=\"lazy\" class=\"aligncenter size-full wp-image-3116\" src=\"http:\/\/www.ulcgt69villefranche.fr\/wp-content\/uploads\/2020\/04\/Num\u00e9ro-vert.jpg\" alt=\"\" width=\"960\" height=\"194\" srcset=\"http:\/\/www.ulcgt69villefranche.fr\/wp-content\/uploads\/2020\/04\/Num\u00e9ro-vert.jpg 960w, http:\/\/www.ulcgt69villefranche.fr\/wp-content\/uploads\/2020\/04\/Num\u00e9ro-vert-300x61.jpg 300w, http:\/\/www.ulcgt69villefranche.fr\/wp-content\/uploads\/2020\/04\/Num\u00e9ro-vert-768x155.jpg 768w\" sizes=\"(max-width: 960px) 100vw, 960px\" \/><\/a><\/p>\n<p style=\"text-align: center;\"><a href=\"http:\/\/www.ulcgt69villefranche.fr\/wp-content\/uploads\/2020\/04\/COMMUNIQUE-DE-PRESSE.pdf\" target=\"_blank\" rel=\"noopener noreferrer\">COMMUNIQUE DE PRESSE<\/a><\/p>\n","protected":false},"excerpt":{"rendered":"<p>Pour tout savoir sur vos droits pendant cette p\u00e9riode, la CGT met \u00e0 disposition des salari\u00e9s un num\u00e9ro vert : COMMUNIQUE DE PRESSE<\/p>\n","protected":false},"author":3,"featured_media":0,"comment_status":"closed","ping_status":"closed","sticky":false,"template":"","format":"standard","meta":[],"categories":[1],"tags":[],"_links":{"self":[{"href":"http:\/\/www.ulcgt69villefranche.fr\/index.php?rest_route=\/wp\/v2\/posts\/3115"}],"collection":[{"href":"http:\/\/www.ulcgt69villefranche.fr\/index.php?rest_route=\/wp\/v2\/posts"}],"about":[{"href":"http:\/\/www.ulcgt69villefranche.fr\/index.php?rest_route=\/wp\/v2\/types\/post"}],"author":[{"embeddable":true,"href":"http:\/\/www.ulcgt69villefranche.fr\/index.php?rest_route=\/wp\/v2\/users\/3"}],"replies":[{"embeddable":true,"href":"http:\/\/www.ulcgt69villefranche.fr\/index.php?rest_route=%2Fwp%2Fv2%2Fcomments&post=3115"}],"version-history":[{"count":2,"href":"http:\/\/www.ulcgt69villefranche.fr\/index.php?rest_route=\/wp\/v2\/posts\/3115\/revisions"}],"predecessor-version":[{"id":3565,"href":"http:\/\/www.ulcgt69villefranche.fr\/index.php?rest_route=\/wp\/v2\/posts\/3115\/revisions\/3565"}],"wp:attachment":[{"href":"http:\/\/www.ulcgt69villefranche.fr\/index.php?rest_route=%2Fwp%2Fv2%2Fmedia&parent=3115"}],"wp:term":[{"taxonomy":"category","embeddable":true,"href":"http:\/\/www.ulcgt69villefranche.fr\/index.php?rest_route=%2Fwp%2Fv2%2Fcategories&post=3115"},{"taxonomy":"post_tag","embeddable":true,"href":"http:\/\/www.ulcgt69villefranche.fr\/index.php?rest_route=%2Fwp%2Fv2%2Ftags&post=3115"}],"curies":[{"name":"wp","href":"https:\/\/api.w.org\/{rel}","templated":true}]}}