{"id":3104,"date":"2020-03-29T17:54:53","date_gmt":"2020-03-29T15:54:53","guid":{"rendered":"http:\/\/www.ulcgt69villefranche.fr\/?p=3104"},"modified":"2021-12-16T19:37:45","modified_gmt":"2021-12-16T18:37:45","slug":"29-03-20-lettre-ouverte","status":"publish","type":"post","link":"http:\/\/www.ulcgt69villefranche.fr\/?p=3104","title":{"rendered":"29\/03\/20 : LETTRE OUVERTE"},"content":{"rendered":"<p style=\"text-align: center;\"><a href=\"http:\/\/www.ulcgt69villefranche.fr\/wp-content\/uploads\/2020\/04\/courrier-ARS-3-avril-2020.pdf\">courrier ARS 3 avril 2020<\/a><\/p>\n<p style=\"text-align: center;\">Lorsque tout cela sera termin\u00e9, un bon nombre de nos dirigeants devront rendre des comptes. On les avait suffisamment alert\u00e9 dans les instances et dans la rue pour d\u00e9noncer le manque de moyens (fermetures d&rsquo;h\u00f4pitaux, de services, de lits, suppressions de postes d&rsquo;infirmiers, d&rsquo;aide-soignants&#8230;).<\/p>\n<p style=\"text-align: center;\">Ils nous ont envoy\u00e9 les CRS !!!<\/p>\n<p><a href=\"http:\/\/www.ulcgt69villefranche.fr\/wp-content\/uploads\/2020\/03\/h\u00f4pital.jpg\"><img loading=\"lazy\" class=\"aligncenter size-full wp-image-3105\" src=\"http:\/\/www.ulcgt69villefranche.fr\/wp-content\/uploads\/2020\/03\/h\u00f4pital.jpg\" alt=\"\" width=\"471\" height=\"350\" srcset=\"http:\/\/www.ulcgt69villefranche.fr\/wp-content\/uploads\/2020\/03\/h\u00f4pital.jpg 471w, http:\/\/www.ulcgt69villefranche.fr\/wp-content\/uploads\/2020\/03\/h\u00f4pital-300x223.jpg 300w\" sizes=\"(max-width: 471px) 100vw, 471px\" \/><\/a><\/p>\n<p style=\"text-align: center;\"><a href=\"http:\/\/www.ulcgt69villefranche.fr\/wp-content\/uploads\/2020\/03\/Lettre-ouverte-21-03-2020.pdf\" target=\"_blank\" rel=\"noopener noreferrer\">Lettre ouverte (21-03-2020)<\/a><\/p>\n<p style=\"text-align: center;\"><a href=\"http:\/\/www.ulcgt69villefranche.fr\/wp-content\/uploads\/2020\/03\/Covid-19-proc\u00e9dure-dispositif-m\u00e9dico-psy-population.pdf\" target=\"_blank\" rel=\"noopener noreferrer\">Covid-19 proc\u00e9dure dispositif m\u00e9dico-psy population<\/a><\/p>\n<p style=\"text-align: center;\"><a href=\"http:\/\/www.ulcgt69villefranche.fr\/wp-content\/uploads\/2020\/03\/CGT-Ehpad-en-danger.pdf\" target=\"_blank\" rel=\"noopener noreferrer\">[CGT] Ehpad en danger<\/a><\/p>\n<p style=\"text-align: center;\"><a href=\"http:\/\/www.ulcgt69villefranche.fr\/wp-content\/uploads\/2020\/03\/Les-aides-a-domicile-ne-doivent-pas-etre-oubliees.pdf\" target=\"_blank\" rel=\"noopener noreferrer\">Les aides a domicile ne doivent pas etre oubliees<\/a><\/p>\n<p style=\"text-align: center;\"><a href=\"http:\/\/www.ulcgt69villefranche.fr\/wp-content\/uploads\/2020\/03\/Minist\u00e8re-du-travail.pdf\" target=\"_blank\" rel=\"noopener noreferrer\">Minist\u00e8re du travail<\/a><\/p>\n<p style=\"text-align: center;\"><a href=\"http:\/\/www.ulcgt69villefranche.fr\/wp-content\/uploads\/2020\/03\/Quintessence-Secu_Mars-2020.pdf\" target=\"_blank\" rel=\"noopener noreferrer\">Quintessence Secu Mars 2020<\/a><\/p>\n","protected":false},"excerpt":{"rendered":"<p>courrier ARS 3 avril 2020 Lorsque tout cela sera termin\u00e9, un bon nombre de nos dirigeants devront rendre des comptes. On les avait suffisamment alert\u00e9 dans les instances et dans la rue pour d\u00e9noncer le manque de moyens (fermetures d&rsquo;h\u00f4pitaux, de services, de lits, suppressions de postes d&rsquo;infirmiers, d&rsquo;aide-soignants&#8230;). Ils nous ont envoy\u00e9 les CRS [&hellip;]<\/p>\n","protected":false},"author":3,"featured_media":0,"comment_status":"closed","ping_status":"closed","sticky":false,"template":"","format":"standard","meta":[],"categories":[1],"tags":[],"_links":{"self":[{"href":"http:\/\/www.ulcgt69villefranche.fr\/index.php?rest_route=\/wp\/v2\/posts\/3104"}],"collection":[{"href":"http:\/\/www.ulcgt69villefranche.fr\/index.php?rest_route=\/wp\/v2\/posts"}],"about":[{"href":"http:\/\/www.ulcgt69villefranche.fr\/index.php?rest_route=\/wp\/v2\/types\/post"}],"author":[{"embeddable":true,"href":"http:\/\/www.ulcgt69villefranche.fr\/index.php?rest_route=\/wp\/v2\/users\/3"}],"replies":[{"embeddable":true,"href":"http:\/\/www.ulcgt69villefranche.fr\/index.php?rest_route=%2Fwp%2Fv2%2Fcomments&post=3104"}],"version-history":[{"count":5,"href":"http:\/\/www.ulcgt69villefranche.fr\/index.php?rest_route=\/wp\/v2\/posts\/3104\/revisions"}],"predecessor-version":[{"id":3566,"href":"http:\/\/www.ulcgt69villefranche.fr\/index.php?rest_route=\/wp\/v2\/posts\/3104\/revisions\/3566"}],"wp:attachment":[{"href":"http:\/\/www.ulcgt69villefranche.fr\/index.php?rest_route=%2Fwp%2Fv2%2Fmedia&parent=3104"}],"wp:term":[{"taxonomy":"category","embeddable":true,"href":"http:\/\/www.ulcgt69villefranche.fr\/index.php?rest_route=%2Fwp%2Fv2%2Fcategories&post=3104"},{"taxonomy":"post_tag","embeddable":true,"href":"http:\/\/www.ulcgt69villefranche.fr\/index.php?rest_route=%2Fwp%2Fv2%2Ftags&post=3104"}],"curies":[{"name":"wp","href":"https:\/\/api.w.org\/{rel}","templated":true}]}}