{"id":3097,"date":"2020-03-27T10:23:50","date_gmt":"2020-03-27T09:23:50","guid":{"rendered":"http:\/\/www.ulcgt69villefranche.fr\/?p=3097"},"modified":"2021-12-16T19:37:53","modified_gmt":"2021-12-16T18:37:53","slug":"27-03-20-depuis-plusieurs-mois-lhopital-public-nous-alertait-du-danger","status":"publish","type":"post","link":"http:\/\/www.ulcgt69villefranche.fr\/?p=3097","title":{"rendered":"27\/03\/20 : Depuis plusieurs mois, l&rsquo;h\u00f4pital public nous alertait du danger !"},"content":{"rendered":"<p><a href=\"http:\/\/www.ulcgt69villefranche.fr\/wp-content\/uploads\/2020\/03\/Evolution-des-lits.jpg\"><img loading=\"lazy\" class=\"aligncenter wp-image-3098\" src=\"http:\/\/www.ulcgt69villefranche.fr\/wp-content\/uploads\/2020\/03\/Evolution-des-lits.jpg\" alt=\"\" width=\"300\" height=\"225\" \/><\/a><\/p>\n<p>Depuis plusieurs ann\u00e9es, l&rsquo;h\u00f4pital public s&rsquo;est mobilis\u00e9 afin de d\u00e9noncer la d\u00e9gradation des conditions de travail et du manque de moyen.<\/p>\n<p>Alors que le pr\u00e9sident de la R\u00e9publique semble d\u00e9couvrir l&rsquo;importance des services publics depuis le d\u00e9but de cette crise sanitaire li\u00e9e \u00e0 la pand\u00e9mie du coronavirus, cela fait des mois que les personnels soignants se mobilisent pour appeler \u00e0 l&rsquo;aide.<\/p>\n<p>Tous les acteurs de la sant\u00e9 ont alert\u00e9 le gouvernement, \u00e0 de multiples reprises au cours de ces derni\u00e8res ann\u00e9es sur le fait que l&rsquo;h\u00f4pital public est exsangue et n&rsquo;a plus les moyens d&rsquo;assurer correctement son r\u00f4le de service public.<\/p>\n<p><!--more-->La crise dans ce secteur existait bien avant l&rsquo;\u00e9pid\u00e9mie du Covid-19 \u00e0 laquelle nous sommes aujourd&rsquo;hui confront\u00e9s. Elle ne fait que l&rsquo;accentuer et la r\u00e9v\u00e9ler aux yeux du monde.<\/p>\n<p>En premi\u00e8re ligne, le personnel soignant d\u00e9j\u00e0 fragilis\u00e9 par ces politiques d&rsquo;aust\u00e9rit\u00e9 men\u00e9es depuis des ann\u00e9es. Malgr\u00e9 le manque de moyens de tous ordres (manque de masques pour se prot\u00e9ger, de lits pour soigner\u2026) et les risques pris, les acteurs de la sant\u00e9 poursuivent, tant bien que mal, leur travail dans des conditions extr\u00eames.<\/p>\n<p>Nous avons compil\u00e9 les articles, communiqu\u00e9s de presse, vid\u00e9os, qui retracent la mobilisation de l&rsquo;h\u00f4pital public au cours de ces derniers mois.<\/p>\n<p>Le gouvernement ne pourra pas dire qu&rsquo;il ne savait pas et devra, le moment venu, rendre des comptes.<\/p>\n<p>Aux personnels soignants, m\u00e9decins, infirmier\u00b7\u00e8re\u00b7s, aide soignant\u00b7e\u00b7s, nous sommes reconnaissants de votre d\u00e9vouement \u00e0 toute \u00e9preuve. Soyez s\u00fbr\u00b7e\u00b7s de pouvoir compter sur la CGT pour continuer de vous accompagner dans vos revendications pour am\u00e9liorer vos conditions de travail et de r\u00e9mun\u00e9ration.<\/p>\n<p>Aujourd&rsquo;hui, la seule fa\u00e7on de les aider est de rester chez nous. Ensemble, restons chez-nous.<\/p>\n","protected":false},"excerpt":{"rendered":"<p>Depuis plusieurs ann\u00e9es, l&rsquo;h\u00f4pital public s&rsquo;est mobilis\u00e9 afin de d\u00e9noncer la d\u00e9gradation des conditions de travail et du manque de moyen. Alors que le pr\u00e9sident de la R\u00e9publique semble d\u00e9couvrir l&rsquo;importance des services publics depuis le d\u00e9but de cette crise sanitaire li\u00e9e \u00e0 la pand\u00e9mie du coronavirus, cela fait des mois que les personnels soignants [&hellip;]<\/p>\n","protected":false},"author":3,"featured_media":0,"comment_status":"closed","ping_status":"closed","sticky":false,"template":"","format":"standard","meta":[],"categories":[1],"tags":[],"_links":{"self":[{"href":"http:\/\/www.ulcgt69villefranche.fr\/index.php?rest_route=\/wp\/v2\/posts\/3097"}],"collection":[{"href":"http:\/\/www.ulcgt69villefranche.fr\/index.php?rest_route=\/wp\/v2\/posts"}],"about":[{"href":"http:\/\/www.ulcgt69villefranche.fr\/index.php?rest_route=\/wp\/v2\/types\/post"}],"author":[{"embeddable":true,"href":"http:\/\/www.ulcgt69villefranche.fr\/index.php?rest_route=\/wp\/v2\/users\/3"}],"replies":[{"embeddable":true,"href":"http:\/\/www.ulcgt69villefranche.fr\/index.php?rest_route=%2Fwp%2Fv2%2Fcomments&post=3097"}],"version-history":[{"count":1,"href":"http:\/\/www.ulcgt69villefranche.fr\/index.php?rest_route=\/wp\/v2\/posts\/3097\/revisions"}],"predecessor-version":[{"id":3099,"href":"http:\/\/www.ulcgt69villefranche.fr\/index.php?rest_route=\/wp\/v2\/posts\/3097\/revisions\/3099"}],"wp:attachment":[{"href":"http:\/\/www.ulcgt69villefranche.fr\/index.php?rest_route=%2Fwp%2Fv2%2Fmedia&parent=3097"}],"wp:term":[{"taxonomy":"category","embeddable":true,"href":"http:\/\/www.ulcgt69villefranche.fr\/index.php?rest_route=%2Fwp%2Fv2%2Fcategories&post=3097"},{"taxonomy":"post_tag","embeddable":true,"href":"http:\/\/www.ulcgt69villefranche.fr\/index.php?rest_route=%2Fwp%2Fv2%2Ftags&post=3097"}],"curies":[{"name":"wp","href":"https:\/\/api.w.org\/{rel}","templated":true}]}}