{"id":3094,"date":"2020-03-27T10:09:13","date_gmt":"2020-03-27T09:09:13","guid":{"rendered":"http:\/\/www.ulcgt69villefranche.fr\/?p=3094"},"modified":"2021-12-16T19:37:59","modified_gmt":"2021-12-16T18:37:59","slug":"27-03-20-billet-dhumeur","status":"publish","type":"post","link":"http:\/\/www.ulcgt69villefranche.fr\/?p=3094","title":{"rendered":"27\/03\/20 : BILLET D&rsquo;HUMEUR"},"content":{"rendered":"<p><a href=\"http:\/\/www.ulcgt69villefranche.fr\/wp-content\/uploads\/2017\/09\/medico-social.jpg\"><img loading=\"lazy\" class=\"aligncenter wp-image-2160 size-thumbnail\" src=\"http:\/\/www.ulcgt69villefranche.fr\/wp-content\/uploads\/2017\/09\/medico-social-150x150.jpg\" alt=\"\" width=\"150\" height=\"150\" \/><\/a><\/p>\n<p><span style=\"color: #000000;\"><b>Ci-dessous<\/b><\/span><strong>\u00a0:\u00a0<u>Le billet d&rsquo;humeur du jour de Christophe Prudhomme membre de la direction f\u00e9d\u00e9rale CGT sant\u00e9 action sociale\u00a0et m\u00e9decin urgentiste<\/u>\u00a0:<\/strong><\/p>\n<p><strong>Osez dire que le gouvernement actuel n&rsquo;est pas responsable de la p\u00e9nurie de masques et autres mat\u00e9riels dans les h\u00f4pitaux est un \u00e9norme mensonge ! <\/strong><\/p>\n<p><strong>En effet qui a d\u00e9cid\u00e9 de ne pas d\u00e9bloquer les cr\u00e9dits pour maintenir la r\u00e9serve datant de la grippe H1N1 : Bercy. Et qui \u00e9tait \u00e0 Bercy \u00e0 l&rsquo;\u00e9poque : Emmanuel Macron !<\/strong><\/p>\n<p><strong>Ils sont pitoyables \u00e0 ce jeu du \u00ab\u00a0ce n\u2019est pas moi qui suis responsable mais c&rsquo;est mon pr\u00e9d\u00e9cesseur\u00a0\u00bb. <\/strong><\/p>\n<p><!--more--><strong>Mon constat est simple : la d\u00e9gradation des services publics et des h\u00f4pitaux a d\u00e9but\u00e9 avec le tournant lib\u00e9ral initi\u00e9 par Thatcher et Reagan aux Etats-Unis et en France avec B\u00e9r\u00e9govoy relay\u00e9s par les guignols m\u00e9diatiques Tapie et Montand. Depuis, que les gouvernements aient \u00e9t\u00e9 de \u00ab\u00a0droite\u00a0\u00bb ou de \u00ab\u00a0gauche\u00a0\u00bb, la m\u00eame politique lib\u00e9rale nous a \u00e9t\u00e9 impos\u00e9e avec la fermeture massive de lits et d&rsquo;h\u00f4pitaux. Aujourd&rsquo;hui nous manquons de lits de r\u00e9animation mais qui a valid\u00e9 par exemple le Projet r\u00e9gional de sant\u00e9 de la r\u00e9gion PACA qui pr\u00e9voit la fermeture de 13 r\u00e9animations ! Qui a ferm\u00e9, il y a un an, la r\u00e9animation de l&rsquo;h\u00f4pital Jean Verdier \u00e0 Bondy dans mon d\u00e9partement, que nous avons pu rouvrir heureusement la semaine derni\u00e8re car le mat\u00e9riel et le personnels \u00e9tait encore pr\u00e9sent ? Les ministres de la sant\u00e9 qui se sont succ\u00e9d\u00e9s, servilement assist\u00e9s par une partie des directeurs et des m\u00e9decins en postes de responsabilit\u00e9.<\/strong><\/p>\n<p><strong>Et aujourd&rsquo;hui, ils viennent pleurer dans les m\u00e9dias, comme le premier de la classe, Martin Hirsch, pour faire appel \u00e0 la g\u00e9n\u00e9rosit\u00e9 publique pour acheter du mat\u00e9riel et aux retrait\u00e9s pour venir aider le personnel en nombre insuffisant.<\/strong><\/p>\n<p><strong>Manque de lits et de personnels, ce sont les revendications qui motivent notre gr\u00e8ve depuis plus d&rsquo;un an. Un de ceux qui nous a envoy\u00e9 pa\u00eetre lorsqu&rsquo;il \u00e9tait rapporteur du budget de la S\u00e9curit\u00e9 sociale, c&rsquo;est Olivier V\u00e9ran qui aujourd&rsquo;hui essaye de se d\u00e9douaner dans ses interventions en tant que Ministre de la sant\u00e9. <\/strong><\/p>\n<p><strong>Aujourd&rsquo;hui nous faisons notre boulot pour assister au mieux nos patients avec des moyens insuffisants. Mais apr\u00e8s la crise, il faudra que ces \u00ab\u00a0braves\u00a0\u00bb gens passent \u00e0 la caisse pour payer car leur responsabilit\u00e9 est clairement \u00e9tablie.<\/strong><\/p>\n","protected":false},"excerpt":{"rendered":"<p>Ci-dessous\u00a0:\u00a0Le billet d&rsquo;humeur du jour de Christophe Prudhomme membre de la direction f\u00e9d\u00e9rale CGT sant\u00e9 action sociale\u00a0et m\u00e9decin urgentiste\u00a0: Osez dire que le gouvernement actuel n&rsquo;est pas responsable de la p\u00e9nurie de masques et autres mat\u00e9riels dans les h\u00f4pitaux est un \u00e9norme mensonge ! En effet qui a d\u00e9cid\u00e9 de ne pas d\u00e9bloquer les cr\u00e9dits [&hellip;]<\/p>\n","protected":false},"author":3,"featured_media":0,"comment_status":"closed","ping_status":"closed","sticky":false,"template":"","format":"standard","meta":[],"categories":[1],"tags":[],"_links":{"self":[{"href":"http:\/\/www.ulcgt69villefranche.fr\/index.php?rest_route=\/wp\/v2\/posts\/3094"}],"collection":[{"href":"http:\/\/www.ulcgt69villefranche.fr\/index.php?rest_route=\/wp\/v2\/posts"}],"about":[{"href":"http:\/\/www.ulcgt69villefranche.fr\/index.php?rest_route=\/wp\/v2\/types\/post"}],"author":[{"embeddable":true,"href":"http:\/\/www.ulcgt69villefranche.fr\/index.php?rest_route=\/wp\/v2\/users\/3"}],"replies":[{"embeddable":true,"href":"http:\/\/www.ulcgt69villefranche.fr\/index.php?rest_route=%2Fwp%2Fv2%2Fcomments&post=3094"}],"version-history":[{"count":2,"href":"http:\/\/www.ulcgt69villefranche.fr\/index.php?rest_route=\/wp\/v2\/posts\/3094\/revisions"}],"predecessor-version":[{"id":3096,"href":"http:\/\/www.ulcgt69villefranche.fr\/index.php?rest_route=\/wp\/v2\/posts\/3094\/revisions\/3096"}],"wp:attachment":[{"href":"http:\/\/www.ulcgt69villefranche.fr\/index.php?rest_route=%2Fwp%2Fv2%2Fmedia&parent=3094"}],"wp:term":[{"taxonomy":"category","embeddable":true,"href":"http:\/\/www.ulcgt69villefranche.fr\/index.php?rest_route=%2Fwp%2Fv2%2Fcategories&post=3094"},{"taxonomy":"post_tag","embeddable":true,"href":"http:\/\/www.ulcgt69villefranche.fr\/index.php?rest_route=%2Fwp%2Fv2%2Ftags&post=3094"}],"curies":[{"name":"wp","href":"https:\/\/api.w.org\/{rel}","templated":true}]}}