{"id":3089,"date":"2020-03-26T11:23:28","date_gmt":"2020-03-26T10:23:28","guid":{"rendered":"http:\/\/www.ulcgt69villefranche.fr\/?p=3089"},"modified":"2021-12-16T19:38:18","modified_gmt":"2021-12-16T18:38:18","slug":"26-03-20-je-nai-rien-dit","status":"publish","type":"post","link":"http:\/\/www.ulcgt69villefranche.fr\/?p=3089","title":{"rendered":"26\/03\/20 : JE N&rsquo;AI RIEN DIT&#8230;"},"content":{"rendered":"<p>A la fa\u00e7on de \u2026 Martin Niem\u00f6ller [1],<br \/>\nQuand ils nous ont dit : La loi du 31 juillet 1991 instaure la ma\u00eetrise des d\u00e9penses hospitali\u00e8res,<br \/>\nJe n\u2019ai rien dit, je n\u2019\u00e9tais pas \u00e9conomiste,<br \/>\nQuand Claude Evin a parl\u00e9 d\u2019h\u00f4pital-entreprise \u00e0 la fin des ann\u00e9es 80,<br \/>\nJe n\u2019ai rien dit, je n\u2019\u00e9tais pas entrepreneur.<br \/>\nQuand les gouvernants ont mis en oeuvre la gestion-comptable en 90, pour les h\u00f4pitaux,<br \/>\nJe n\u2019ai rien dit, je n\u2019\u00e9tais pas dirigeant,<br \/>\nQuand Sarkozy et Bachelot ont mis en oeuvre la loi H.P.S.T qui a donn\u00e9 le pouvoir au \u00ab patron \u00bb de l\u2019h\u00f4pital, le directeur et rendu une administration toute-puissante,<br \/>\nJe n\u2019ai rien dit, je n\u2019\u00e9tais pas administratif,<\/p>\n<p><!--more-->Quand la gestionnite bureaucratique s\u2019est mise en place,<br \/>\nJe n\u2019ai rien dit, je n\u2019\u00e9tais pas gestionnaire,<br \/>\nQuand Hollande et Marisol Touraine, ont supprim\u00e9 17500 sites de sant\u00e9 et supprim\u00e9 17500 lits,<br \/>\nJe n\u2019ai rien dit, je n\u2019\u00e9tais pas comptable,<br \/>\nQuand quelque trois milliards d&rsquo;euros d&rsquo;\u00e9conomies furent pr\u00e9vues, dont 860 millions issus de la \u00ab\u00a0ma\u00eetrise de la masse salariale\u00a0\u00bb, c\u2019est \u00e0 dire la suppression de 22.000 postes, soit 2% des effectifs,<br \/>\nJe n\u2019ai rien dit, je n\u2019\u00e9tais pas fonctionnaire,<br \/>\nQuand les salari\u00e9s de l&rsquo;h\u00f4pital psychiatrique du Rouvray \u00e0 Sotteville-l\u00e8s-Rouen (Seine-Maritime), ont fait la gr\u00e8ve de la faim en 2018,<br \/>\nJe n\u2019ai rien dit, je n\u2019\u00e9tais pas syndicaliste.<br \/>\nQuand les services d\u2019urgences se sont mis en gr\u00e8ve en 2019,<br \/>\nJe n\u2019ai rien dit, je n\u2019\u00e9tais pas urgentiste.<br \/>\nQuand Macron et Buzyn se sont moqu\u00e9s du mouvement des soignants au cours des dix derniers mois,<br \/>\nJe n\u2019ai rien dit, je n\u2019\u00e9tais pas soignant,<br \/>\nQuand les sbires de Castaner sont venus r\u00e9primer les manifestants des h\u00f4pitaux,<br \/>\nJe n\u2019ai rien dit, je n\u2019\u00e9tais pas hospitalier.<br \/>\nQuand Macron a supprim\u00e9 en 3 ans 4172 lits dans 3000 services de sant\u00e9 publique,<br \/>\nJe n\u2019ai rien dit, je n\u2019\u00e9tais pas hospitalis\u00e9,<br \/>\nMais quand le coronaromachin, le Covid 19, est arriv\u00e9, qu\u2019il nous est tomb\u00e9 dessus,<br \/>\nL\u00e0, j\u2019ai paniqu\u00e9 :<br \/>\nIl n\u2019y avait plus assez de lits pour les hospitalisations, plus assez de places en<br \/>\nr\u00e9animation,<br \/>\nIl n\u2019y avait plus assez de soignants pour nous soigner,<br \/>\nIl n\u2019y avait pas assez de masques pour prot\u00e9ger les soignants<br \/>\nFace \u00e0 la p\u00e9nurie organis\u00e9e depuis trente ans par ces gouvernants irresponsables appliquant la m\u00eame politique n\u00e9olib\u00e9rale,<br \/>\nils ont commenc\u00e9 \u00e0 trier les malades \u00e0 soigner,<br \/>\n\u00e0 laisser de c\u00f4t\u00e9 les malades et les soignants en psychiatrie,<br \/>\n\u00e0 isoler les personnes \u00e2g\u00e9es dans les EPHAD, \u00e0 les oublier.<br \/>\nAlors j\u2019ai commenc\u00e9 \u00e0 applaudir les soignants le soir \u00e0 20h., sans honte de n\u2019avoir rien dit pendant toutes ces ann\u00e9es<br \/>\nJ\u2019ai donn\u00e9 le titre de \u00ab h\u00e9ros \u00bb \u00e0 ces soignants, que je n\u2019ai pas soutenu pendant ces onze mois,<br \/>\nJ\u2019ai r\u00e9alis\u00e9 que le service public c\u2019est tr\u00e8s important, indispensable, dans notre pays,<br \/>\nMais &#8230;,<br \/>\nQuand est-ce qu\u2019ENFIN vais-je DIRE ou HURLER quelque chose ?<br \/>\nQuand sera-t-il possible de commencer \u00e0 se r\u00e9volter vraiment ?<br \/>\nQuand sera-t-il possible de commencer \u00e0 construire un autre monde ?<br \/>\nQuand sera-t-il possible d\u2019inventer un nouveau syst\u00e8me alternatif \u00e0 la d\u00e9shumanisation n\u00e9olib\u00e9rale et au chacun pour soi ?<br \/>\nQuand sera-t-il possible de mettre en oeuvre une soci\u00e9t\u00e9 o\u00f9 le collectif et le partage aillent de pair avec l\u2019individu et le singulier ?<br \/>\nQuand y aura-t-il assez de monde pour se lever et \u00eatre tous ensemble pour prot\u00e9ger la plan\u00e8te, instaurer la d\u00e9croissance, une d\u00e9mocratie citoyenne \u00e0 \u00e9chelle humaine, privil\u00e9gier l\u2019humain sur la machine et sur l\u2019\u00e9conomie, d\u00e9velopper de nouvelles solidarit\u00e9s, de prendre le temps de vivre, de penser, de lire, &#8230; d&rsquo;aimer ?<\/p>\n<p>[1] Martin Niem\u00f6ller \u00e9tait un pasteur luth\u00e9rien allemand et un th\u00e9ologien (1892\u20131984) a \u00e9crit un po\u00e8me sur la l\u00e2chet\u00e9 des intellectuels allemands au moment de l&rsquo;accession des nazis au pouvoir et des purges qui ont alors vis\u00e9 leurs ennemis, un groupe apr\u00e8s l&rsquo;autre. En 1937 il est arr\u00eat\u00e9 et enferm\u00e9 aux camps de concentration de Oranienburg-Sachsenhausen et Dachau. Il est lib\u00e9r\u00e9 en 1945 par les Alli\u00e9s.<\/p>\n<p><a href=\"https:\/\/blogs.mediapart.fr\/paul-machto\/blog\/230320\/je-nai-rien-dit\" target=\"_blank\" rel=\"noopener noreferrer\">https:\/\/blogs.mediapart.fr\/paul-machto\/blog\/230320\/je-nai-rien-dit<\/a><\/p>\n","protected":false},"excerpt":{"rendered":"<p>A la fa\u00e7on de \u2026 Martin Niem\u00f6ller [1], Quand ils nous ont dit : La loi du 31 juillet 1991 instaure la ma\u00eetrise des d\u00e9penses hospitali\u00e8res, Je n\u2019ai rien dit, je n\u2019\u00e9tais pas \u00e9conomiste, Quand Claude Evin a parl\u00e9 d\u2019h\u00f4pital-entreprise \u00e0 la fin des ann\u00e9es 80, Je n\u2019ai rien dit, je n\u2019\u00e9tais pas entrepreneur. Quand [&hellip;]<\/p>\n","protected":false},"author":3,"featured_media":0,"comment_status":"closed","ping_status":"closed","sticky":false,"template":"","format":"standard","meta":[],"categories":[1],"tags":[],"_links":{"self":[{"href":"http:\/\/www.ulcgt69villefranche.fr\/index.php?rest_route=\/wp\/v2\/posts\/3089"}],"collection":[{"href":"http:\/\/www.ulcgt69villefranche.fr\/index.php?rest_route=\/wp\/v2\/posts"}],"about":[{"href":"http:\/\/www.ulcgt69villefranche.fr\/index.php?rest_route=\/wp\/v2\/types\/post"}],"author":[{"embeddable":true,"href":"http:\/\/www.ulcgt69villefranche.fr\/index.php?rest_route=\/wp\/v2\/users\/3"}],"replies":[{"embeddable":true,"href":"http:\/\/www.ulcgt69villefranche.fr\/index.php?rest_route=%2Fwp%2Fv2%2Fcomments&post=3089"}],"version-history":[{"count":3,"href":"http:\/\/www.ulcgt69villefranche.fr\/index.php?rest_route=\/wp\/v2\/posts\/3089\/revisions"}],"predecessor-version":[{"id":3567,"href":"http:\/\/www.ulcgt69villefranche.fr\/index.php?rest_route=\/wp\/v2\/posts\/3089\/revisions\/3567"}],"wp:attachment":[{"href":"http:\/\/www.ulcgt69villefranche.fr\/index.php?rest_route=%2Fwp%2Fv2%2Fmedia&parent=3089"}],"wp:term":[{"taxonomy":"category","embeddable":true,"href":"http:\/\/www.ulcgt69villefranche.fr\/index.php?rest_route=%2Fwp%2Fv2%2Fcategories&post=3089"},{"taxonomy":"post_tag","embeddable":true,"href":"http:\/\/www.ulcgt69villefranche.fr\/index.php?rest_route=%2Fwp%2Fv2%2Ftags&post=3089"}],"curies":[{"name":"wp","href":"https:\/\/api.w.org\/{rel}","templated":true}]}}