{"id":3087,"date":"2020-03-25T10:37:43","date_gmt":"2020-03-25T09:37:43","guid":{"rendered":"http:\/\/www.ulcgt69villefranche.fr\/?p=3087"},"modified":"2021-12-16T19:38:26","modified_gmt":"2021-12-16T18:38:26","slug":"25-03-20-info-covid-19","status":"publish","type":"post","link":"http:\/\/www.ulcgt69villefranche.fr\/?p=3087","title":{"rendered":"25\/03\/20 : INFO COVID-19"},"content":{"rendered":"<p>Cher-e-s camarade-s,<\/p>\n<p>Alors que, selon les chiffres du minist\u00e8re du travail, 60 % des salari\u00e9\u00b7e\u00b7s continuent de travailler sur leur lieu de travail, l\u2019Ugict-CGT, les syndicats CGT de l\u2019inspection du travail et de la Direction Statistique du Minist\u00e8re du Travail (DARES) et des avocat\u00b7e\u00b7s militant\u00b7e\u00b7s lancent <a href=\"http:\/\/www.ugict.cgt.fr\/luttevirale.fr\">luttevirale.fr<\/a><strong>\u00a0pour leur permettre de faire primer l\u2019enjeu de sant\u00e9 publique sur les int\u00e9r\u00eats \u00e9conomiques de court terme<\/strong>.<\/p>\n<h2>Ce site a 5 objectifs principaux\u00a0:<\/h2>\n<ul>\n<li><a href=\"https:\/\/luttevirale.fr\/fiches-pratiques\/\">Informer<\/a> les salari\u00e9\u00b7e\u00b7s sur le droit applicable, 1\u00e8re \u00e9tape pour le faire respecter.<\/li>\n<li>Donner la possibilit\u00e9, notamment aux salari\u00e9\u00b7e\u00b7s en responsabilit\u00e9 qui sont justiciables en cas d\u2019atteinte \u00e0 la sant\u00e9 ou \u00e0 la s\u00e9curit\u00e9, d\u2019exercer le droit d\u2019alerte, de refus et d\u2019alternative que gouvernement et patronat leur refusent, <a href=\"https:\/\/luttevirale.fr\/alerte\/\">en signalant des situations de non-respect du droit ou de l\u2019int\u00e9r\u00eat g\u00e9n\u00e9ral.<\/a><\/li>\n<li>Faire, gr\u00e2ce \u00e0 une grande consultation, un \u00e9tat des lieux des conditions de travail et des marges de man\u0153uvre de l\u2019encadrement\u00a0:<br \/>\n\u2013 Lutter contre la remise en cause des droits des salari\u00e9\u00b7e\u00b7s en mati\u00e8re de cong\u00e9s, de temps de travail, ou de d\u00e9mocratie sociale notamment, ouverte par le projet de loi urgence sanitaire adopt\u00e9 par le Parlement.<br \/>\n\u2013 Mettre le professionnalisme au service de la mobilisation<\/li>\n<\/ul>\n<h2>Le site\u00a0<a href=\"http:\/\/www.ugict.cgt.fr\/luttevirale.fr\">luttevirale.fr<\/a>\u00a0met \u00e0 disposition\u00a0:<\/h2>\n<ul>\n<li>Des <a href=\"https:\/\/luttevirale.fr\/fiches\/\">fiches<\/a> sur la situation juridique, r\u00e9dig\u00e9es par les juristes de la CGT, des inspecteurs\u00b7trices du travail et des avocat\u00b7e\u00b7s militant\u00b7e\u00b7s.<\/li>\n<li>Une <a href=\"https:\/\/luttevirale.fr\/enquete\/\">enqu\u00eate<\/a> sur les conditions de travail qui sera trait\u00e9e par les statisticiens CGT de la DARES.<\/li>\n<li>Un syst\u00e8me <a href=\"https:\/\/luttevirale.fr\/alerte\/\">d\u2019alerte<\/a> de terrain, qui seront trait\u00e9es par un collectif de volontaires et m\u00e9diatis\u00e9es sur les r\u00e9seaux sociaux via le #LutteVirale.<\/li>\n<\/ul>\n","protected":false},"excerpt":{"rendered":"<p>Cher-e-s camarade-s, Alors que, selon les chiffres du minist\u00e8re du travail, 60 % des salari\u00e9\u00b7e\u00b7s continuent de travailler sur leur lieu de travail, l\u2019Ugict-CGT, les syndicats CGT de l\u2019inspection du travail et de la Direction Statistique du Minist\u00e8re du Travail (DARES) et des avocat\u00b7e\u00b7s militant\u00b7e\u00b7s lancent luttevirale.fr\u00a0pour leur permettre de faire primer l\u2019enjeu de sant\u00e9 [&hellip;]<\/p>\n","protected":false},"author":3,"featured_media":0,"comment_status":"closed","ping_status":"closed","sticky":false,"template":"","format":"standard","meta":[],"categories":[1],"tags":[],"_links":{"self":[{"href":"http:\/\/www.ulcgt69villefranche.fr\/index.php?rest_route=\/wp\/v2\/posts\/3087"}],"collection":[{"href":"http:\/\/www.ulcgt69villefranche.fr\/index.php?rest_route=\/wp\/v2\/posts"}],"about":[{"href":"http:\/\/www.ulcgt69villefranche.fr\/index.php?rest_route=\/wp\/v2\/types\/post"}],"author":[{"embeddable":true,"href":"http:\/\/www.ulcgt69villefranche.fr\/index.php?rest_route=\/wp\/v2\/users\/3"}],"replies":[{"embeddable":true,"href":"http:\/\/www.ulcgt69villefranche.fr\/index.php?rest_route=%2Fwp%2Fv2%2Fcomments&post=3087"}],"version-history":[{"count":1,"href":"http:\/\/www.ulcgt69villefranche.fr\/index.php?rest_route=\/wp\/v2\/posts\/3087\/revisions"}],"predecessor-version":[{"id":3088,"href":"http:\/\/www.ulcgt69villefranche.fr\/index.php?rest_route=\/wp\/v2\/posts\/3087\/revisions\/3088"}],"wp:attachment":[{"href":"http:\/\/www.ulcgt69villefranche.fr\/index.php?rest_route=%2Fwp%2Fv2%2Fmedia&parent=3087"}],"wp:term":[{"taxonomy":"category","embeddable":true,"href":"http:\/\/www.ulcgt69villefranche.fr\/index.php?rest_route=%2Fwp%2Fv2%2Fcategories&post=3087"},{"taxonomy":"post_tag","embeddable":true,"href":"http:\/\/www.ulcgt69villefranche.fr\/index.php?rest_route=%2Fwp%2Fv2%2Ftags&post=3087"}],"curies":[{"name":"wp","href":"https:\/\/api.w.org\/{rel}","templated":true}]}}