{"id":3076,"date":"2020-03-20T09:51:16","date_gmt":"2020-03-20T08:51:16","guid":{"rendered":"http:\/\/www.ulcgt69villefranche.fr\/?p=3076"},"modified":"2021-12-16T19:38:33","modified_gmt":"2021-12-16T18:38:33","slug":"20-03-20-information-covid-19","status":"publish","type":"post","link":"http:\/\/www.ulcgt69villefranche.fr\/?p=3076","title":{"rendered":"20\/03\/20 : INFORMATION COVID-19"},"content":{"rendered":"<p><a href=\"http:\/\/www.ulcgt69villefranche.fr\/wp-content\/uploads\/2020\/03\/covid.jpg\"><img loading=\"lazy\" class=\"aligncenter size-full wp-image-3077\" src=\"http:\/\/www.ulcgt69villefranche.fr\/wp-content\/uploads\/2020\/03\/covid.jpg\" alt=\"\" width=\"330\" height=\"153\" srcset=\"http:\/\/www.ulcgt69villefranche.fr\/wp-content\/uploads\/2020\/03\/covid.jpg 330w, http:\/\/www.ulcgt69villefranche.fr\/wp-content\/uploads\/2020\/03\/covid-300x139.jpg 300w\" sizes=\"(max-width: 330px) 100vw, 330px\" \/><\/a><\/p>\n<p>Suite aux recommandations de l\u2019OMS et aux d\u00e9clarations gouvernementales concernant la pand\u00e9mie du Coronavirus ainsi que les dispositions prises tant par les collectivit\u00e9s et les entreprises que par les organisations de la CGT, nous vous informons que jusqu\u2019\u00e0 une date ind\u00e9termin\u00e9e, l\u2019Union Locale CGT de Villefranche sur Sa\u00f4ne appliquera les dispositions suivantes afin d\u2019\u00e9viter toute propagation du virus :<\/p>\n<ul>\n<li>Fermeture de la bourse du travail pour une dur\u00e9e ind\u00e9termin\u00e9e,<\/li>\n<li>Annulation des stages et r\u00e9unions qui seront report\u00e9s \u00e0 une date ult\u00e9rieure<\/li>\n<\/ul>\n<p>Nous restons joignables pour toute information, consultation juridique, organisationnelle et syndicale sur\u00a0:<\/p>\n<p style=\"text-align: center;\">&#8211;\u00a0\u00a0\u00a0\u00a0\u00a0\u00a0\u00a0 La messagerie\u00a0:\u00a0<a href=\"mailto:ul.cgtvillefranche69@free.fr\" target=\"_blank\" rel=\"noopener noreferrer\">ul.cgtvillefranche69@free.fr<\/a><\/p>\n<p style=\"text-align: center;\">&#8211; Le site de l\u2019Union Locale\u00a0:\u00a0<a href=\"http:\/\/%0dwww.ulcgt69villefranche.fr%0d\" target=\"_blank\" rel=\"noopener noreferrer\">www.ulcgt69villefranche.fr<\/a><\/p>\n<p style=\"text-align: center;\">&#8211;\u00a0\u00a0\u00a0\u00a0\u00a0\u00a0\u00a0 La page Facebook\u00a0:\u00a0<a href=\"https:\/\/www.facebook.com\/UL-CGT-Villefranche-1695761657349973\/?ref=aymt_homepage_panel&amp;eid=ARAtswg893_JbIY99oGa8W76ofKirPSSBlub2297-vVIdYQb7c3BnWx6MIpPZhDz9aVGoy3HlE15MRgV\" target=\"_blank\" rel=\"noopener noreferrer\">UL CGT Villefranche<\/a><\/p>\n<p><a href=\"http:\/\/www.ulcgt69villefranche.fr\/wp-content\/uploads\/2020\/03\/UL-CGT.jpg\"><img loading=\"lazy\" class=\"aligncenter size-full wp-image-3084\" src=\"http:\/\/www.ulcgt69villefranche.fr\/wp-content\/uploads\/2020\/03\/UL-CGT.jpg\" alt=\"\" width=\"103\" height=\"184\" \/><\/a><\/p>\n","protected":false},"excerpt":{"rendered":"<p>Suite aux recommandations de l\u2019OMS et aux d\u00e9clarations gouvernementales concernant la pand\u00e9mie du Coronavirus ainsi que les dispositions prises tant par les collectivit\u00e9s et les entreprises que par les organisations de la CGT, nous vous informons que jusqu\u2019\u00e0 une date ind\u00e9termin\u00e9e, l\u2019Union Locale CGT de Villefranche sur Sa\u00f4ne appliquera les dispositions suivantes afin d\u2019\u00e9viter toute [&hellip;]<\/p>\n","protected":false},"author":3,"featured_media":0,"comment_status":"closed","ping_status":"closed","sticky":false,"template":"","format":"standard","meta":[],"categories":[1],"tags":[],"_links":{"self":[{"href":"http:\/\/www.ulcgt69villefranche.fr\/index.php?rest_route=\/wp\/v2\/posts\/3076"}],"collection":[{"href":"http:\/\/www.ulcgt69villefranche.fr\/index.php?rest_route=\/wp\/v2\/posts"}],"about":[{"href":"http:\/\/www.ulcgt69villefranche.fr\/index.php?rest_route=\/wp\/v2\/types\/post"}],"author":[{"embeddable":true,"href":"http:\/\/www.ulcgt69villefranche.fr\/index.php?rest_route=\/wp\/v2\/users\/3"}],"replies":[{"embeddable":true,"href":"http:\/\/www.ulcgt69villefranche.fr\/index.php?rest_route=%2Fwp%2Fv2%2Fcomments&post=3076"}],"version-history":[{"count":8,"href":"http:\/\/www.ulcgt69villefranche.fr\/index.php?rest_route=\/wp\/v2\/posts\/3076\/revisions"}],"predecessor-version":[{"id":3568,"href":"http:\/\/www.ulcgt69villefranche.fr\/index.php?rest_route=\/wp\/v2\/posts\/3076\/revisions\/3568"}],"wp:attachment":[{"href":"http:\/\/www.ulcgt69villefranche.fr\/index.php?rest_route=%2Fwp%2Fv2%2Fmedia&parent=3076"}],"wp:term":[{"taxonomy":"category","embeddable":true,"href":"http:\/\/www.ulcgt69villefranche.fr\/index.php?rest_route=%2Fwp%2Fv2%2Fcategories&post=3076"},{"taxonomy":"post_tag","embeddable":true,"href":"http:\/\/www.ulcgt69villefranche.fr\/index.php?rest_route=%2Fwp%2Fv2%2Ftags&post=3076"}],"curies":[{"name":"wp","href":"https:\/\/api.w.org\/{rel}","templated":true}]}}