{"id":3063,"date":"2020-03-01T21:15:03","date_gmt":"2020-03-01T20:15:03","guid":{"rendered":"http:\/\/www.ulcgt69villefranche.fr\/?p=3063"},"modified":"2021-12-16T19:39:01","modified_gmt":"2021-12-16T18:39:01","slug":"02-03-20-rassemblement-pour-le-retrait-de-la-reforme-des-retraites","status":"publish","type":"post","link":"http:\/\/www.ulcgt69villefranche.fr\/?p=3063","title":{"rendered":"02\/03\/20 : RASSEMBLEMENT POUR LE RETRAIT DE LA REFORME DES RETRAITES"},"content":{"rendered":"<h1 style=\"text-align: center;\"><span style=\"color: #008000;\"><strong>RASSEMBLEMENT PLACE DES ARTS A 17 H<\/strong><\/span><\/h1>\n<h1 style=\"text-align: center;\"><span style=\"color: #000000;\"><strong>LUNDI 2 MARS 2020<\/strong><\/span><a href=\"http:\/\/www.ulcgt69villefranche.fr\/wp-content\/uploads\/2020\/03\/cgt-49-3.jpg\"><img loading=\"lazy\" class=\"aligncenter size-full wp-image-3064\" src=\"http:\/\/www.ulcgt69villefranche.fr\/wp-content\/uploads\/2020\/03\/cgt-49-3.jpg\" alt=\"\" width=\"1843\" height=\"974\" srcset=\"http:\/\/www.ulcgt69villefranche.fr\/wp-content\/uploads\/2020\/03\/cgt-49-3.jpg 1843w, http:\/\/www.ulcgt69villefranche.fr\/wp-content\/uploads\/2020\/03\/cgt-49-3-300x159.jpg 300w, http:\/\/www.ulcgt69villefranche.fr\/wp-content\/uploads\/2020\/03\/cgt-49-3-768x406.jpg 768w, http:\/\/www.ulcgt69villefranche.fr\/wp-content\/uploads\/2020\/03\/cgt-49-3-1024x541.jpg 1024w\" sizes=\"(max-width: 1843px) 100vw, 1843px\" \/><\/a>Pourquoi utiliser l&rsquo;article 49.3 de la constitution alors qu&rsquo;il n&rsquo;y a pas d&rsquo;urgence \u00e0 voter une loi dont personne ne veut ?<br \/>\n67% des fran\u00e7ais y sont oppos\u00e9s !<br \/>\nLa majorit\u00e9 des organisations syndicales repr\u00e9sentant la majorit\u00e9 des salari\u00e9s y est oppos\u00e9e !<br \/>\nLes organisations syndicales patronales y sont oppos\u00e9es !<br \/>\nLe conseil d&rsquo;\u00e9tat a \u00e9mis de s\u00e9rieuses critiques !<br \/>\nJusqu&rsquo;au retrait, on l\u00e2che rien !<\/h1>\n","protected":false},"excerpt":{"rendered":"<p>RASSEMBLEMENT PLACE DES ARTS A 17 H LUNDI 2 MARS 2020Pourquoi utiliser l&rsquo;article 49.3 de la constitution alors qu&rsquo;il n&rsquo;y a pas d&rsquo;urgence \u00e0 voter une loi dont personne ne veut ? 67% des fran\u00e7ais y sont oppos\u00e9s ! La majorit\u00e9 des organisations syndicales repr\u00e9sentant la majorit\u00e9 des salari\u00e9s y est oppos\u00e9e ! Les organisations [&hellip;]<\/p>\n","protected":false},"author":3,"featured_media":0,"comment_status":"closed","ping_status":"closed","sticky":false,"template":"","format":"standard","meta":[],"categories":[1],"tags":[],"_links":{"self":[{"href":"http:\/\/www.ulcgt69villefranche.fr\/index.php?rest_route=\/wp\/v2\/posts\/3063"}],"collection":[{"href":"http:\/\/www.ulcgt69villefranche.fr\/index.php?rest_route=\/wp\/v2\/posts"}],"about":[{"href":"http:\/\/www.ulcgt69villefranche.fr\/index.php?rest_route=\/wp\/v2\/types\/post"}],"author":[{"embeddable":true,"href":"http:\/\/www.ulcgt69villefranche.fr\/index.php?rest_route=\/wp\/v2\/users\/3"}],"replies":[{"embeddable":true,"href":"http:\/\/www.ulcgt69villefranche.fr\/index.php?rest_route=%2Fwp%2Fv2%2Fcomments&post=3063"}],"version-history":[{"count":3,"href":"http:\/\/www.ulcgt69villefranche.fr\/index.php?rest_route=\/wp\/v2\/posts\/3063\/revisions"}],"predecessor-version":[{"id":3067,"href":"http:\/\/www.ulcgt69villefranche.fr\/index.php?rest_route=\/wp\/v2\/posts\/3063\/revisions\/3067"}],"wp:attachment":[{"href":"http:\/\/www.ulcgt69villefranche.fr\/index.php?rest_route=%2Fwp%2Fv2%2Fmedia&parent=3063"}],"wp:term":[{"taxonomy":"category","embeddable":true,"href":"http:\/\/www.ulcgt69villefranche.fr\/index.php?rest_route=%2Fwp%2Fv2%2Fcategories&post=3063"},{"taxonomy":"post_tag","embeddable":true,"href":"http:\/\/www.ulcgt69villefranche.fr\/index.php?rest_route=%2Fwp%2Fv2%2Ftags&post=3063"}],"curies":[{"name":"wp","href":"https:\/\/api.w.org\/{rel}","templated":true}]}}