{"id":3043,"date":"2020-02-11T18:20:22","date_gmt":"2020-02-11T17:20:22","guid":{"rendered":"http:\/\/www.ulcgt69villefranche.fr\/?p=3043"},"modified":"2021-12-16T19:40:58","modified_gmt":"2021-12-16T18:40:58","slug":"13-02-20-la-cgt-porte-plainte-contre-macron-et-le-gouvernement","status":"publish","type":"post","link":"http:\/\/www.ulcgt69villefranche.fr\/?p=3043","title":{"rendered":"13\/02\/20 : LA CGT PORTE PLAINTE CONTRE MACRON ET LE GOUVERNEMENT"},"content":{"rendered":"<h1 style=\"text-align: center;\"><span style=\"color: #000000;\"><strong>L&rsquo;UL CGT\u00a0 de Villefranche\u00a0 APPELLE LE MONDE\u00a0 DU TRAVAIL \u00a0\u00bb A PORTER PLAINTE CONTRE MACRON ET LE GOUVERNEMENT\u00a0\u00bb<\/strong><\/span><\/h1>\n<h2 style=\"text-align: center;\"><span style=\"color: #000000;\"><strong>L&rsquo;Union Locale CGT vous donne rendez vous <\/strong><\/span><\/h2>\n<h2 style=\"text-align: center;\"><strong><span style=\"color: #ff0000;\">le JEUDI 13 F\u00c9VRIER\u00a0\u00e0 17 heures Place des Arts <\/span><\/strong><\/h2>\n<h2 style=\"text-align: center;\"><span style=\"color: #000000;\"><strong>pour soutenir la d\u00e9l\u00e9gation qui ira d\u00e9poser\u00a0 plainte contre Macron et son gouvernement<\/strong><\/span><\/h2>\n<p style=\"text-align: center;\"><a href=\"http:\/\/www.ulcgt69villefranche.fr\/wp-content\/uploads\/2020\/02\/20200215_090523.jpg\"><img loading=\"lazy\" class=\"aligncenter size-full wp-image-3057\" src=\"http:\/\/www.ulcgt69villefranche.fr\/wp-content\/uploads\/2020\/02\/20200215_090523.jpg\" alt=\"\" width=\"599\" height=\"327\" srcset=\"http:\/\/www.ulcgt69villefranche.fr\/wp-content\/uploads\/2020\/02\/20200215_090523.jpg 599w, http:\/\/www.ulcgt69villefranche.fr\/wp-content\/uploads\/2020\/02\/20200215_090523-300x164.jpg 300w\" sizes=\"(max-width: 599px) 100vw, 599px\" \/><\/a><\/p>\n","protected":false},"excerpt":{"rendered":"<p>L&rsquo;UL CGT\u00a0 de Villefranche\u00a0 APPELLE LE MONDE\u00a0 DU TRAVAIL \u00a0\u00bb A PORTER PLAINTE CONTRE MACRON ET LE GOUVERNEMENT\u00a0\u00bb L&rsquo;Union Locale CGT vous donne rendez vous le JEUDI 13 F\u00c9VRIER\u00a0\u00e0 17 heures Place des Arts pour soutenir la d\u00e9l\u00e9gation qui ira d\u00e9poser\u00a0 plainte contre Macron et son gouvernement<\/p>\n","protected":false},"author":3,"featured_media":0,"comment_status":"closed","ping_status":"closed","sticky":false,"template":"","format":"standard","meta":[],"categories":[1],"tags":[],"_links":{"self":[{"href":"http:\/\/www.ulcgt69villefranche.fr\/index.php?rest_route=\/wp\/v2\/posts\/3043"}],"collection":[{"href":"http:\/\/www.ulcgt69villefranche.fr\/index.php?rest_route=\/wp\/v2\/posts"}],"about":[{"href":"http:\/\/www.ulcgt69villefranche.fr\/index.php?rest_route=\/wp\/v2\/types\/post"}],"author":[{"embeddable":true,"href":"http:\/\/www.ulcgt69villefranche.fr\/index.php?rest_route=\/wp\/v2\/users\/3"}],"replies":[{"embeddable":true,"href":"http:\/\/www.ulcgt69villefranche.fr\/index.php?rest_route=%2Fwp%2Fv2%2Fcomments&post=3043"}],"version-history":[{"count":4,"href":"http:\/\/www.ulcgt69villefranche.fr\/index.php?rest_route=\/wp\/v2\/posts\/3043\/revisions"}],"predecessor-version":[{"id":3058,"href":"http:\/\/www.ulcgt69villefranche.fr\/index.php?rest_route=\/wp\/v2\/posts\/3043\/revisions\/3058"}],"wp:attachment":[{"href":"http:\/\/www.ulcgt69villefranche.fr\/index.php?rest_route=%2Fwp%2Fv2%2Fmedia&parent=3043"}],"wp:term":[{"taxonomy":"category","embeddable":true,"href":"http:\/\/www.ulcgt69villefranche.fr\/index.php?rest_route=%2Fwp%2Fv2%2Fcategories&post=3043"},{"taxonomy":"post_tag","embeddable":true,"href":"http:\/\/www.ulcgt69villefranche.fr\/index.php?rest_route=%2Fwp%2Fv2%2Ftags&post=3043"}],"curies":[{"name":"wp","href":"https:\/\/api.w.org\/{rel}","templated":true}]}}