{"id":2992,"date":"2019-12-30T08:58:06","date_gmt":"2019-12-30T07:58:06","guid":{"rendered":"http:\/\/www.ulcgt69villefranche.fr\/?p=2992"},"modified":"2021-12-16T19:43:28","modified_gmt":"2021-12-16T18:43:28","slug":"30-12-19-pour-une-securite-sociale-integrale-a-100-2","status":"publish","type":"post","link":"http:\/\/www.ulcgt69villefranche.fr\/?p=2992","title":{"rendered":"30\/12\/19 : POUR UNE S\u00c9CURIT\u00c9 SOCIALE INT\u00c9GRALE A 100%"},"content":{"rendered":"<p><strong>\u00ab\u00a0Chacun cotise selon ses moyens et re\u00e7oit selon ses besoins\u00a0\u00bb<\/strong> : Ambroise Croizat cr\u00e9ateur de la S\u00e9curit\u00e9 Sociale et ministre du travail entre 1945 et 1947.<\/p>\n<p><a href=\"http:\/\/www.ulcgt69villefranche.fr\/wp-content\/uploads\/2019\/12\/article-progr\u00e8s-31-d\u00e9cembre-2019.pdf\">Lire l&rsquo;article du Progr\u00e8s du 31 d\u00e9cembre 2019<\/a><\/p>\n<p><a href=\"http:\/\/www.ulcgt69villefranche.fr\/wp-content\/uploads\/2020\/01\/2019-12-30-CPAM.jpg\"><img loading=\"lazy\" class=\"aligncenter size-full wp-image-2989\" src=\"http:\/\/www.ulcgt69villefranche.fr\/wp-content\/uploads\/2020\/01\/2019-12-30-CPAM.jpg\" alt=\"\" width=\"960\" height=\"540\" srcset=\"http:\/\/www.ulcgt69villefranche.fr\/wp-content\/uploads\/2020\/01\/2019-12-30-CPAM.jpg 960w, http:\/\/www.ulcgt69villefranche.fr\/wp-content\/uploads\/2020\/01\/2019-12-30-CPAM-300x169.jpg 300w, http:\/\/www.ulcgt69villefranche.fr\/wp-content\/uploads\/2020\/01\/2019-12-30-CPAM-768x432.jpg 768w\" sizes=\"(max-width: 960px) 100vw, 960px\" \/><\/a><\/p>\n","protected":false},"excerpt":{"rendered":"<p>\u00ab\u00a0Chacun cotise selon ses moyens et re\u00e7oit selon ses besoins\u00a0\u00bb : Ambroise Croizat cr\u00e9ateur de la S\u00e9curit\u00e9 Sociale et ministre du travail entre 1945 et 1947. Lire l&rsquo;article du Progr\u00e8s du 31 d\u00e9cembre 2019<\/p>\n","protected":false},"author":3,"featured_media":0,"comment_status":"closed","ping_status":"closed","sticky":false,"template":"","format":"standard","meta":[],"categories":[1],"tags":[],"_links":{"self":[{"href":"http:\/\/www.ulcgt69villefranche.fr\/index.php?rest_route=\/wp\/v2\/posts\/2992"}],"collection":[{"href":"http:\/\/www.ulcgt69villefranche.fr\/index.php?rest_route=\/wp\/v2\/posts"}],"about":[{"href":"http:\/\/www.ulcgt69villefranche.fr\/index.php?rest_route=\/wp\/v2\/types\/post"}],"author":[{"embeddable":true,"href":"http:\/\/www.ulcgt69villefranche.fr\/index.php?rest_route=\/wp\/v2\/users\/3"}],"replies":[{"embeddable":true,"href":"http:\/\/www.ulcgt69villefranche.fr\/index.php?rest_route=%2Fwp%2Fv2%2Fcomments&post=2992"}],"version-history":[{"count":3,"href":"http:\/\/www.ulcgt69villefranche.fr\/index.php?rest_route=\/wp\/v2\/posts\/2992\/revisions"}],"predecessor-version":[{"id":2995,"href":"http:\/\/www.ulcgt69villefranche.fr\/index.php?rest_route=\/wp\/v2\/posts\/2992\/revisions\/2995"}],"wp:attachment":[{"href":"http:\/\/www.ulcgt69villefranche.fr\/index.php?rest_route=%2Fwp%2Fv2%2Fmedia&parent=2992"}],"wp:term":[{"taxonomy":"category","embeddable":true,"href":"http:\/\/www.ulcgt69villefranche.fr\/index.php?rest_route=%2Fwp%2Fv2%2Fcategories&post=2992"},{"taxonomy":"post_tag","embeddable":true,"href":"http:\/\/www.ulcgt69villefranche.fr\/index.php?rest_route=%2Fwp%2Fv2%2Ftags&post=2992"}],"curies":[{"name":"wp","href":"https:\/\/api.w.org\/{rel}","templated":true}]}}