{"id":2976,"date":"2019-12-26T20:52:13","date_gmt":"2019-12-26T19:52:13","guid":{"rendered":"http:\/\/www.ulcgt69villefranche.fr\/?p=2976"},"modified":"2021-12-16T19:43:07","modified_gmt":"2021-12-16T18:43:07","slug":"26-12-19-action-sapin-des-chomeurs","status":"publish","type":"post","link":"http:\/\/www.ulcgt69villefranche.fr\/?p=2976","title":{"rendered":"26\/12\/19 : ACTION SAPIN DES CH\u00d4MEURS"},"content":{"rendered":"<p>Belle action ce matin avec le sapin des ch\u00f4meurs devant P\u00f4le Emploi.<br \/>\nProchain RDV lundi 30 devant la CPAM de Villefranche bd Gambetta entre 9 et 12h pour une s\u00e9cu int\u00e9grale \u00e0 100%<\/p>\n<p><a href=\"http:\/\/www.ulcgt69villefranche.fr\/wp-content\/uploads\/2019\/12\/progr\u00e8s-p.e-26-d\u00e9cembre-2019.pdf\" target=\"_blank\" rel=\"noopener noreferrer\">Lire l&rsquo;article du Progr\u00e8s du <\/a><a href=\"http:\/\/www.ulcgt69villefranche.fr\/wp-content\/uploads\/2019\/12\/progr\u00e8s-p.e-26-d\u00e9cembre-2019.pdf\" target=\"_blank\" rel=\"noopener noreferrer\">26 d\u00e9cembre 2019<\/a><\/p>\n<p><a href=\"http:\/\/www.ulcgt69villefranche.fr\/wp-content\/uploads\/2019\/12\/15773872688381.jpg\"><img loading=\"lazy\" class=\"aligncenter size-full wp-image-2977\" src=\"http:\/\/www.ulcgt69villefranche.fr\/wp-content\/uploads\/2019\/12\/15773872688381.jpg\" alt=\"\" width=\"1632\" height=\"1224\" srcset=\"http:\/\/www.ulcgt69villefranche.fr\/wp-content\/uploads\/2019\/12\/15773872688381.jpg 1632w, http:\/\/www.ulcgt69villefranche.fr\/wp-content\/uploads\/2019\/12\/15773872688381-300x225.jpg 300w, http:\/\/www.ulcgt69villefranche.fr\/wp-content\/uploads\/2019\/12\/15773872688381-768x576.jpg 768w, http:\/\/www.ulcgt69villefranche.fr\/wp-content\/uploads\/2019\/12\/15773872688381-1024x768.jpg 1024w\" sizes=\"(max-width: 1632px) 100vw, 1632px\" \/><\/a><\/p>\n","protected":false},"excerpt":{"rendered":"<p>Belle action ce matin avec le sapin des ch\u00f4meurs devant P\u00f4le Emploi. Prochain RDV lundi 30 devant la CPAM de Villefranche bd Gambetta entre 9 et 12h pour une s\u00e9cu int\u00e9grale \u00e0 100% Lire l&rsquo;article du Progr\u00e8s du 26 d\u00e9cembre 2019<\/p>\n","protected":false},"author":3,"featured_media":0,"comment_status":"closed","ping_status":"closed","sticky":false,"template":"","format":"standard","meta":[],"categories":[1],"tags":[],"_links":{"self":[{"href":"http:\/\/www.ulcgt69villefranche.fr\/index.php?rest_route=\/wp\/v2\/posts\/2976"}],"collection":[{"href":"http:\/\/www.ulcgt69villefranche.fr\/index.php?rest_route=\/wp\/v2\/posts"}],"about":[{"href":"http:\/\/www.ulcgt69villefranche.fr\/index.php?rest_route=\/wp\/v2\/types\/post"}],"author":[{"embeddable":true,"href":"http:\/\/www.ulcgt69villefranche.fr\/index.php?rest_route=\/wp\/v2\/users\/3"}],"replies":[{"embeddable":true,"href":"http:\/\/www.ulcgt69villefranche.fr\/index.php?rest_route=%2Fwp%2Fv2%2Fcomments&post=2976"}],"version-history":[{"count":6,"href":"http:\/\/www.ulcgt69villefranche.fr\/index.php?rest_route=\/wp\/v2\/posts\/2976\/revisions"}],"predecessor-version":[{"id":3574,"href":"http:\/\/www.ulcgt69villefranche.fr\/index.php?rest_route=\/wp\/v2\/posts\/2976\/revisions\/3574"}],"wp:attachment":[{"href":"http:\/\/www.ulcgt69villefranche.fr\/index.php?rest_route=%2Fwp%2Fv2%2Fmedia&parent=2976"}],"wp:term":[{"taxonomy":"category","embeddable":true,"href":"http:\/\/www.ulcgt69villefranche.fr\/index.php?rest_route=%2Fwp%2Fv2%2Fcategories&post=2976"},{"taxonomy":"post_tag","embeddable":true,"href":"http:\/\/www.ulcgt69villefranche.fr\/index.php?rest_route=%2Fwp%2Fv2%2Ftags&post=2976"}],"curies":[{"name":"wp","href":"https:\/\/api.w.org\/{rel}","templated":true}]}}