{"id":2947,"date":"2019-12-11T07:00:38","date_gmt":"2019-12-11T06:00:38","guid":{"rendered":"http:\/\/www.ulcgt69villefranche.fr\/?p=2947"},"modified":"2019-12-11T19:12:00","modified_gmt":"2019-12-11T18:12:00","slug":"11-12-19-toutes-et-tous-perdant-e-s-et-la-jeunesse-sacrifiee","status":"publish","type":"post","link":"http:\/\/www.ulcgt69villefranche.fr\/?p=2947","title":{"rendered":"11\/12\/19 : TOUTES ET TOUS PERDANT-E-S ET LA JEUNESSE SACRIFI\u00c9E !"},"content":{"rendered":"<div class=\"theme-cp\">\n<h1 class=\"field-sep\">TOUTES ET TOUS PERDANT-E-S ET LA JEUNESSE SACRIFI\u00c9E !<\/h1>\n<p><a href=\"https:\/\/www.cgt.fr\/sites\/default\/files\/2019-12\/%5BCP%20CGT%5D%20Tous%20toutes%20perdants%20et%20la%20jeunesse%20sacrifi%C3%A9e.pdf\">T\u00e9l\u00e9charger le communiqu\u00e9<\/a><\/p>\n<div class=\"inline parag-sep\">\n<p class=\"date-style\">L\u2019allocution du Premier Ministre confirme et aggrave les propositions contenues dans le rapport Delevoye.<\/p>\n<p class=\"date-style\">La CGT constate que le gouvernement reste sourd aux exigences exprim\u00e9es par les millions de salari\u00e9s, jeunes, retrait\u00e9s, priv\u00e9s d\u2019emploi, mobilis\u00e9s massivement depuis des semaines et soutenus majoritairement par l\u2019opinion publique.<\/p>\n<\/div>\n<div class=\"field-node--body field-body body parag-sep\">\n<div class=\"field field-node--body field-name-body field-type-text-with-summary field-label-hidden\">\n<div class=\"field-items\">\n<div class=\"field-item\">\n<p>C\u2019est le choix du sacrifice de la jeunesse de notre pays qui est assum\u00e9 par le gouvernement.<\/p>\n<p>Le gouvernement non content de faire une r\u00e9forme syst\u00e9mique annonce une modification des param\u00e8tres de d\u00e9part en retraite d\u00e8s l\u2019ann\u00e9e prochaine entra\u00eenant le recul de celui-ci.<\/p>\n<p>Ainsi, toutes les classes d\u2019\u00e2ge et toutes les professions du public et du priv\u00e9 sont concern\u00e9es par les mesures annonc\u00e9es par le Premier ministre. Le gouvernement tente la division des salari\u00e9s, y compris dans la m\u00eame entreprise et la m\u00eame profession.<\/p>\n<\/div>\n<\/div>\n<\/div>\n<\/div>\n<\/div>\n<p><!--more--><\/p>\n<p>Le gouvernement ne remet pas en cause le blocage des 3 leviers de financement que sont : les 14% du PIB consacr\u00e9 au financement, le plafonnement \u00e0 120 000 euros annuel des salaires soumis \u00e0 cotisation et l\u2019augmentation des recettes indispensables \u00e0 l\u2019am\u00e9lioration du syst\u00e8me actuel.<\/p>\n<div class=\"theme-cp\">\n<div class=\"field-node--body field-body body parag-sep\">\n<div class=\"field field-node--body field-name-body field-type-text-with-summary field-label-hidden\">\n<div class=\"field-items\">\n<div class=\"field-item\">\n<p>Cela dans un contexte o\u00f9 6 millions de retraitables sont attendus d\u2019ici 2042. Il appara\u00eet donc clairement que la variable d\u2019ajustement serait la valeur du point et donc la baisse du niveau des pensions.<\/p>\n<p>Par ailleurs, le gouvernement d\u00e9cide d\u2019une r\u00e9forme et confie aux \u00ab partenaires sociaux \u00bb le soin de sa mise en \u0153uvre et d\u2019en g\u00e9rer les cons\u00e9quences pour l\u2019ensemble de la population, sous le contr\u00f4le des orientations budg\u00e9taires du gouvernement. D\u00e8s lors, resurgissent les m\u00e9thodes anti-d\u00e9mocratiques avec la volont\u00e9 de vouloir passer par ordonnances et d\u00e9crets des arbitrages essentiels pour l\u2019avenir de nos retraites.<\/p>\n<p>Le gouvernement maintient le cap sur la suppression des 42 r\u00e9gimes sp\u00e9ciaux et particuliers tout en pr\u00e9cisant que certains secteurs b\u00e9n\u00e9ficieraient d\u2019un traitement particulier. Cette mesure est aussi une n\u00e9gation de la reconnaissance de la\u00a0 p\u00e9nibilit\u00e9 au travail. La CGT revendique la prise en compte de la p\u00e9nibilit\u00e9 du travail par des d\u00e9parts anticip\u00e9s avant 60 ans pour les salari\u00e9s du priv\u00e9 comme du public.<\/p>\n<p>Avec ces mesures, les femmes restent les grandes perdantes de cette r\u00e9forme quoi qu\u2019en dise le Premier ministre. La CGT exige la mise en place imm\u00e9diate de l\u2019\u00e9galit\u00e9 salariale entre les hommes et les femmes telle que la loi le pr\u00e9voit d\u00e9j\u00e0.<\/p>\n<p>Ajoutons \u00e0 cela, la tentative de recycler des mesures d\u00e9j\u00e0 existantes (minimum de pension \u00e0 85% du Smic (soit 1000 euros), pension de r\u00e9version, allocation vieillesse des parents au foyer,\u2026) comme des avanc\u00e9es sociales.<\/p>\n<p>Le Premier ministre avait pr\u00e9venu qu\u2019il n\u2019y aurait pas d\u2019annonces magiques, le contenu de sa prise de parole le confirme.<\/p>\n<p>Il y a donc n\u00e9cessit\u00e9 \u00e0 amplifier et \u00e9largir le rapport de force et ce, d\u00e8s demain, jeudi 12 d\u00e9cembre et mardi 17 d\u00e9cembre 2019.<\/p>\n<\/div>\n<\/div>\n<\/div>\n<\/div>\n<\/div>\n","protected":false},"excerpt":{"rendered":"<p>TOUTES ET TOUS PERDANT-E-S ET LA JEUNESSE SACRIFI\u00c9E ! T\u00e9l\u00e9charger le communiqu\u00e9 L\u2019allocution du Premier Ministre confirme et aggrave les propositions contenues dans le rapport Delevoye. La CGT constate que le gouvernement reste sourd aux exigences exprim\u00e9es par les millions de salari\u00e9s, jeunes, retrait\u00e9s, priv\u00e9s d\u2019emploi, mobilis\u00e9s massivement depuis des semaines et soutenus majoritairement par [&hellip;]<\/p>\n","protected":false},"author":3,"featured_media":0,"comment_status":"closed","ping_status":"open","sticky":false,"template":"","format":"standard","meta":[],"categories":[1],"tags":[],"_links":{"self":[{"href":"http:\/\/www.ulcgt69villefranche.fr\/index.php?rest_route=\/wp\/v2\/posts\/2947"}],"collection":[{"href":"http:\/\/www.ulcgt69villefranche.fr\/index.php?rest_route=\/wp\/v2\/posts"}],"about":[{"href":"http:\/\/www.ulcgt69villefranche.fr\/index.php?rest_route=\/wp\/v2\/types\/post"}],"author":[{"embeddable":true,"href":"http:\/\/www.ulcgt69villefranche.fr\/index.php?rest_route=\/wp\/v2\/users\/3"}],"replies":[{"embeddable":true,"href":"http:\/\/www.ulcgt69villefranche.fr\/index.php?rest_route=%2Fwp%2Fv2%2Fcomments&post=2947"}],"version-history":[{"count":7,"href":"http:\/\/www.ulcgt69villefranche.fr\/index.php?rest_route=\/wp\/v2\/posts\/2947\/revisions"}],"predecessor-version":[{"id":2955,"href":"http:\/\/www.ulcgt69villefranche.fr\/index.php?rest_route=\/wp\/v2\/posts\/2947\/revisions\/2955"}],"wp:attachment":[{"href":"http:\/\/www.ulcgt69villefranche.fr\/index.php?rest_route=%2Fwp%2Fv2%2Fmedia&parent=2947"}],"wp:term":[{"taxonomy":"category","embeddable":true,"href":"http:\/\/www.ulcgt69villefranche.fr\/index.php?rest_route=%2Fwp%2Fv2%2Fcategories&post=2947"},{"taxonomy":"post_tag","embeddable":true,"href":"http:\/\/www.ulcgt69villefranche.fr\/index.php?rest_route=%2Fwp%2Fv2%2Ftags&post=2947"}],"curies":[{"name":"wp","href":"https:\/\/api.w.org\/{rel}","templated":true}]}}