{"id":2924,"date":"2019-11-13T09:49:16","date_gmt":"2019-11-13T08:49:16","guid":{"rendered":"http:\/\/www.ulcgt69villefranche.fr\/?p=2924"},"modified":"2019-11-29T13:45:52","modified_gmt":"2019-11-29T12:45:52","slug":"12-11-19-lettre-ouverte-agivr-villefranche","status":"publish","type":"post","link":"http:\/\/www.ulcgt69villefranche.fr\/?p=2924","title":{"rendered":"12\/11\/19 : LETTRE OUVERTE AGIVR VILLEFRANCHE"},"content":{"rendered":"<p><a href=\"http:\/\/www.ulcgt69villefranche.fr\/wp-content\/uploads\/2017\/09\/medico-social.jpg\"><img loading=\"lazy\" class=\"aligncenter wp-image-2160 size-thumbnail\" src=\"http:\/\/www.ulcgt69villefranche.fr\/wp-content\/uploads\/2017\/09\/medico-social-150x150.jpg\" alt=\"\" width=\"150\" height=\"150\" \/><\/a><\/p>\n<p style=\"text-align: center;\"><a href=\"http:\/\/www.ulcgt69villefranche.fr\/wp-content\/uploads\/2019\/11\/2019-11-12-Letrre-ouverte-AGIVR.pdf\" target=\"_blank\" rel=\"noopener\">Lire la Lettre ouverte<\/a><\/p>\n<p>Un collectif de professionnels salari\u00e9s de l\u2019AGIVR se rencontre et s&rsquo;organise car nous sommes inquiets de l&rsquo;avenir du travail d&rsquo;accompagnement que nous menons aupr\u00e8s des personnes aussi bien dans le secteur adulte, que dans le secteur enfant.<\/p>\n<p>L\u2019AGIVR est une association cr\u00e9\u00e9e en 1957 par des amis et familles de personnes en situation de handicap. Elle accueille et accompagne \u00e0 ce jour un peu plus de 600 personnes, de la toute petite enfance \u00e0 l\u2019\u00e2ge adulte, et ce, dans diff\u00e9rents \u00e9tablissements et services pr\u00e9sents sur notre territoire du Beaujolais et du Val de Sa\u00f4ne. Elle apporte aide et soutien aux familles confront\u00e9es au handicap de leur enfant, fr\u00e8re ou soeur, et est f\u00e9d\u00e9r\u00e9e au niveau national (UNAPEI).<\/p>\n<p>Nous vous faisons part d\u2019une <a href=\"http:\/\/www.ulcgt69villefranche.fr\/wp-content\/uploads\/2019\/11\/2019-11-12-Letrre-ouverte-AGIVR.pdf\" target=\"_blank\" rel=\"noopener\">lettre ouverte<\/a> r\u00e9dig\u00e9e par le collectif des salari\u00e9s afin d\u2019alerter la population et de trouver des solutions pour ne pas seulement r\u00e9pondre \u00e0 juste \u00ab accueillir le plus grand nombre d&rsquo;usagers possible \u00bb mais de bien les accueillir, chacun dans sa singularit\u00e9, en construisant avec eux, \u00e0 petit pas, un chemin qui fasse sens\u2026.<\/p>\n","protected":false},"excerpt":{"rendered":"<p>Lire la Lettre ouverte Un collectif de professionnels salari\u00e9s de l\u2019AGIVR se rencontre et s&rsquo;organise car nous sommes inquiets de l&rsquo;avenir du travail d&rsquo;accompagnement que nous menons aupr\u00e8s des personnes aussi bien dans le secteur adulte, que dans le secteur enfant. L\u2019AGIVR est une association cr\u00e9\u00e9e en 1957 par des amis et familles de personnes [&hellip;]<\/p>\n","protected":false},"author":3,"featured_media":0,"comment_status":"closed","ping_status":"open","sticky":false,"template":"","format":"standard","meta":[],"categories":[1],"tags":[],"_links":{"self":[{"href":"http:\/\/www.ulcgt69villefranche.fr\/index.php?rest_route=\/wp\/v2\/posts\/2924"}],"collection":[{"href":"http:\/\/www.ulcgt69villefranche.fr\/index.php?rest_route=\/wp\/v2\/posts"}],"about":[{"href":"http:\/\/www.ulcgt69villefranche.fr\/index.php?rest_route=\/wp\/v2\/types\/post"}],"author":[{"embeddable":true,"href":"http:\/\/www.ulcgt69villefranche.fr\/index.php?rest_route=\/wp\/v2\/users\/3"}],"replies":[{"embeddable":true,"href":"http:\/\/www.ulcgt69villefranche.fr\/index.php?rest_route=%2Fwp%2Fv2%2Fcomments&post=2924"}],"version-history":[{"count":4,"href":"http:\/\/www.ulcgt69villefranche.fr\/index.php?rest_route=\/wp\/v2\/posts\/2924\/revisions"}],"predecessor-version":[{"id":2928,"href":"http:\/\/www.ulcgt69villefranche.fr\/index.php?rest_route=\/wp\/v2\/posts\/2924\/revisions\/2928"}],"wp:attachment":[{"href":"http:\/\/www.ulcgt69villefranche.fr\/index.php?rest_route=%2Fwp%2Fv2%2Fmedia&parent=2924"}],"wp:term":[{"taxonomy":"category","embeddable":true,"href":"http:\/\/www.ulcgt69villefranche.fr\/index.php?rest_route=%2Fwp%2Fv2%2Fcategories&post=2924"},{"taxonomy":"post_tag","embeddable":true,"href":"http:\/\/www.ulcgt69villefranche.fr\/index.php?rest_route=%2Fwp%2Fv2%2Ftags&post=2924"}],"curies":[{"name":"wp","href":"https:\/\/api.w.org\/{rel}","templated":true}]}}