{"id":2898,"date":"2019-11-05T15:00:19","date_gmt":"2019-11-05T14:00:19","guid":{"rendered":"http:\/\/www.ulcgt69villefranche.fr\/?p=2898"},"modified":"2019-11-12T15:27:47","modified_gmt":"2019-11-12T14:27:47","slug":"10-11-19-rassemblement-contre-les-idees-dextreme-droite","status":"publish","type":"post","link":"http:\/\/www.ulcgt69villefranche.fr\/?p=2898","title":{"rendered":"10\/11\/19 : RASSEMBLEMENT CONTRE LES ID\u00c9ES D\u2019EXTR\u00caME-DROITE"},"content":{"rendered":"<h1 style=\"text-align: center;\"><span style=\"color: #ff0000;\">Rassemblement Dimanche 10 novembre 2019<\/span><\/h1>\n<h1 style=\"text-align: center;\"><span style=\"color: #ff0000;\">10H30 devant le march\u00e9 couvert<\/span><\/h1>\n<h1 class=\"field-sep\" style=\"text-align: center;\"><span style=\"color: #000000;\">Luttons contre les id\u00e9es d\u2019extr\u00eame droite, contre l&rsquo;islamophobie, contre l&rsquo;antis\u00e9mitisme, contre l&rsquo;arabophobie, contre la n\u00e9grophobie&#8230;<\/span><\/h1>\n<div class=\"inline parag-sep\">\n<p><a href=\"http:\/\/www.ulcgt69villefranche.fr\/wp-content\/uploads\/2019\/11\/lutte-contre-le-racisme.jpg\"><img loading=\"lazy\" class=\"aligncenter size-full wp-image-2900\" src=\"http:\/\/www.ulcgt69villefranche.fr\/wp-content\/uploads\/2019\/11\/lutte-contre-le-racisme.jpg\" alt=\"\" width=\"285\" height=\"177\" \/><\/a><\/p>\n<p class=\"date-style\">L\u00e0 o\u00f9 depuis plusieurs ann\u00e9es la population subit les cons\u00e9quences d\u2019une politique d\u2019aust\u00e9rit\u00e9, le racisme, la x\u00e9nophobie, la haine et le rejet de celui qui est diff\u00e9rent se sont progressivement install\u00e9s.<\/p>\n<\/div>\n<div class=\"field-node--body field-body body parag-sep\">\n<div class=\"field field-node--body field-name-body field-type-text-with-summary field-label-hidden\">\n<div class=\"field-items\">\n<div class=\"field-item\">\n<p>La strat\u00e9gie des partis politiques ultra-lib\u00e9raux \u00e0 se pr\u00e9senter comme la seule alternative cr\u00e9dible face \u00e0 l\u2019extr\u00eame droite, tout en jouant avec elle, entre dans sa phase dangereuse.<\/p>\n<\/div>\n<\/div>\n<\/div>\n<\/div>\n<p>Par ailleurs, le d\u00e9ferlement de propos haineux et de raccourcis en tout genre sur les r\u00e9seaux sociaux et, cela, en toute impunit\u00e9, cr\u00e9e un climat favorisant les actes de violence.<\/p>\n<p>Le vote pour des candidat.e.s soutenant des th\u00e8ses d\u2019extr\u00eame droite appara\u00eet de moins en moins comme l\u2019expression d\u2019un seul m\u00e9contentement. Au point que, dans de nombreux pays d\u2019Europe, plusieurs partis politiques de droite font le choix de s\u2019allier avec l\u2019extr\u00eame droite dans des gouvernements. Ces derniers, une fois au pouvoir, ne remettent jamais en cause les politiques d\u2019aust\u00e9rit\u00e9 mais, au contraire, les renforcent.<\/p>\n<p>Intrins\u00e8quement pacifiste et internationaliste, la CGT a toujours combattu le populisme, le racisme, le fascisme. Aujourd\u2019hui, plusieurs de ses organisations en territoire combattent l\u2019installation de \u00ab\u00a0Bastion Social\u00a0\u00bb, une officine n\u00e9o-fasciste qui, sous couvert de solidarit\u00e9, commet des violences inacceptables dans l\u2019espace public de nombreuses villes.<\/p>\n<p>Dans ce contexte, la CGT exige des pouvoirs publics, y compris des repr\u00e9sentants de l\u2019Etat dans les d\u00e9partements, d\u2019\u00eatre \u00e0 l\u2019\u00e9coute des organisations progressistes et d\u2019\u00eatre inflexibles face aux violences racistes et fascistes en prenant l\u2019ensemble des dispositions n\u00e9cessaires (notamment l\u2019interdiction de rassemblement ou la dissolution de certains groupuscules).<\/p>\n<p><a href=\"http:\/\/www.ulcgt69villefranche.fr\/wp-content\/uploads\/2019\/11\/Diapositive1.jpg\"><img loading=\"lazy\" class=\"aligncenter size-full wp-image-2921\" src=\"http:\/\/www.ulcgt69villefranche.fr\/wp-content\/uploads\/2019\/11\/Diapositive1.jpg\" alt=\"\" width=\"552\" height=\"526\" srcset=\"http:\/\/www.ulcgt69villefranche.fr\/wp-content\/uploads\/2019\/11\/Diapositive1.jpg 552w, http:\/\/www.ulcgt69villefranche.fr\/wp-content\/uploads\/2019\/11\/Diapositive1-300x286.jpg 300w\" sizes=\"(max-width: 552px) 100vw, 552px\" \/><\/a><\/p>\n","protected":false},"excerpt":{"rendered":"<p>Rassemblement Dimanche 10 novembre 2019 10H30 devant le march\u00e9 couvert Luttons contre les id\u00e9es d\u2019extr\u00eame droite, contre l&rsquo;islamophobie, contre l&rsquo;antis\u00e9mitisme, contre l&rsquo;arabophobie, contre la n\u00e9grophobie&#8230; L\u00e0 o\u00f9 depuis plusieurs ann\u00e9es la population subit les cons\u00e9quences d\u2019une politique d\u2019aust\u00e9rit\u00e9, le racisme, la x\u00e9nophobie, la haine et le rejet de celui qui est diff\u00e9rent se sont progressivement [&hellip;]<\/p>\n","protected":false},"author":3,"featured_media":0,"comment_status":"closed","ping_status":"open","sticky":false,"template":"","format":"standard","meta":[],"categories":[1],"tags":[],"_links":{"self":[{"href":"http:\/\/www.ulcgt69villefranche.fr\/index.php?rest_route=\/wp\/v2\/posts\/2898"}],"collection":[{"href":"http:\/\/www.ulcgt69villefranche.fr\/index.php?rest_route=\/wp\/v2\/posts"}],"about":[{"href":"http:\/\/www.ulcgt69villefranche.fr\/index.php?rest_route=\/wp\/v2\/types\/post"}],"author":[{"embeddable":true,"href":"http:\/\/www.ulcgt69villefranche.fr\/index.php?rest_route=\/wp\/v2\/users\/3"}],"replies":[{"embeddable":true,"href":"http:\/\/www.ulcgt69villefranche.fr\/index.php?rest_route=%2Fwp%2Fv2%2Fcomments&post=2898"}],"version-history":[{"count":7,"href":"http:\/\/www.ulcgt69villefranche.fr\/index.php?rest_route=\/wp\/v2\/posts\/2898\/revisions"}],"predecessor-version":[{"id":2922,"href":"http:\/\/www.ulcgt69villefranche.fr\/index.php?rest_route=\/wp\/v2\/posts\/2898\/revisions\/2922"}],"wp:attachment":[{"href":"http:\/\/www.ulcgt69villefranche.fr\/index.php?rest_route=%2Fwp%2Fv2%2Fmedia&parent=2898"}],"wp:term":[{"taxonomy":"category","embeddable":true,"href":"http:\/\/www.ulcgt69villefranche.fr\/index.php?rest_route=%2Fwp%2Fv2%2Fcategories&post=2898"},{"taxonomy":"post_tag","embeddable":true,"href":"http:\/\/www.ulcgt69villefranche.fr\/index.php?rest_route=%2Fwp%2Fv2%2Ftags&post=2898"}],"curies":[{"name":"wp","href":"https:\/\/api.w.org\/{rel}","templated":true}]}}