{"id":2889,"date":"2019-10-25T14:00:51","date_gmt":"2019-10-25T12:00:51","guid":{"rendered":"http:\/\/www.ulcgt69villefranche.fr\/?p=2889"},"modified":"2019-11-10T09:57:52","modified_gmt":"2019-11-10T08:57:52","slug":"31-10-19-rassemblement-devant-les-poles-emploi","status":"publish","type":"post","link":"http:\/\/www.ulcgt69villefranche.fr\/?p=2889","title":{"rendered":"31\/10\/19 : RASSEMBLEMENT DEVANT P\u00d4LE EMPLOI"},"content":{"rendered":"<p style=\"text-align: center;\">Assurance-Ch\u00f4mage,\u00a0\u201c<strong>Une bombe sociale pour les plus pr\u00e9caires<\/strong>\u201d, titre l\u2019Humanit\u00e9. Rassemblement devant le P\u00f4le Emploi Villefranche ce jeudi 31 octobre de l\u2019UL CGT, \u00e0 l\u2019appel de la mobilisation nationale, contre l\u2019entr\u00e9e en vigueur au 1er novembre d\u2019une partie des nouvelles r\u00e8gles d\u2019indemnisation de l\u2019assurance-ch\u00f4mage. \u201c<strong><em>Un projet qui va du<\/em><em>rcir<\/em><em>\u00a0les conditions d\u2019acc\u00e8s au syst\u00e8me et r\u00e9duire le montant des indemnit\u00e9s de centaines de milliers d\u2019allocataires<\/em><\/strong>\u201d (Lib\u00e9ration).<\/p>\n<p style=\"text-align: center;\"><span style=\"color: #ff0000;\"><strong>Les interview de Thibault, Catherine et Gabriel \u00e0 partir de 2 min 40<\/strong><\/span><\/p>\n<!--[if lt IE 9]><script>document.createElement('audio');<\/script><![endif]-->\n<audio class=\"wp-audio-shortcode\" id=\"audio-2889-1\" preload=\"none\" style=\"width: 100%;\" controls=\"controls\"><source type=\"audio\/mpeg\" src=\"http:\/\/www.ulcgt69villefranche.fr\/wp-content\/uploads\/2019\/10\/Calade_JOURNAL041119.mp3?_=1\" \/><a href=\"http:\/\/www.ulcgt69villefranche.fr\/wp-content\/uploads\/2019\/10\/Calade_JOURNAL041119.mp3\">http:\/\/www.ulcgt69villefranche.fr\/wp-content\/uploads\/2019\/10\/Calade_JOURNAL041119.mp3<\/a><\/audio>\n<p><a href=\"http:\/\/www.ulcgt69villefranche.fr\/wp-content\/uploads\/2019\/10\/2019-10-31-Action-P\u00f4le-Emploi.jpg\"><img loading=\"lazy\" class=\"aligncenter size-full wp-image-2893\" src=\"http:\/\/www.ulcgt69villefranche.fr\/wp-content\/uploads\/2019\/10\/2019-10-31-Action-P\u00f4le-Emploi.jpg\" alt=\"\" width=\"1024\" height=\"768\" srcset=\"http:\/\/www.ulcgt69villefranche.fr\/wp-content\/uploads\/2019\/10\/2019-10-31-Action-P\u00f4le-Emploi.jpg 1024w, http:\/\/www.ulcgt69villefranche.fr\/wp-content\/uploads\/2019\/10\/2019-10-31-Action-P\u00f4le-Emploi-300x225.jpg 300w, http:\/\/www.ulcgt69villefranche.fr\/wp-content\/uploads\/2019\/10\/2019-10-31-Action-P\u00f4le-Emploi-768x576.jpg 768w\" sizes=\"(max-width: 1024px) 100vw, 1024px\" \/><\/a><\/p>\n<p style=\"text-align: center;\"><a href=\"http:\/\/www.ulcgt69villefranche.fr\/wp-content\/uploads\/2019\/11\/2019-10-31-Article-P\u00f4le-Emploi.jpg\"><img loading=\"lazy\" class=\"aligncenter size-full wp-image-2913\" src=\"http:\/\/www.ulcgt69villefranche.fr\/wp-content\/uploads\/2019\/11\/2019-10-31-Article-P\u00f4le-Emploi.jpg\" alt=\"\" width=\"270\" height=\"706\" srcset=\"http:\/\/www.ulcgt69villefranche.fr\/wp-content\/uploads\/2019\/11\/2019-10-31-Article-P\u00f4le-Emploi.jpg 270w, http:\/\/www.ulcgt69villefranche.fr\/wp-content\/uploads\/2019\/11\/2019-10-31-Article-P\u00f4le-Emploi-115x300.jpg 115w\" sizes=\"(max-width: 270px) 100vw, 270px\" \/><\/a><\/p>\n<p><a href=\"http:\/\/www.ulcgt69villefranche.fr\/wp-content\/uploads\/2016\/06\/chomeurs-rebelles.gif\"><img loading=\"lazy\" class=\"aligncenter size-full wp-image-1942\" src=\"http:\/\/www.ulcgt69villefranche.fr\/wp-content\/uploads\/2016\/06\/chomeurs-rebelles.gif\" alt=\"\" width=\"108\" height=\"171\" \/><\/a><\/p>\n<p style=\"text-align: center;\"><a href=\"http:\/\/www.ulcgt69villefranche.fr\/wp-content\/uploads\/2019\/10\/2019-10-31-Tract-action-P\u00f4le-Emploi.pdf\" target=\"_blank\" rel=\"noopener\">Lire le tract<\/a><\/p>\n<h1 style=\"text-align: center;\"><em>Rassemblement le matin du 31 Octobre devant les P\u00f4le Emploi de Villefranche, Belleville, Lyon et dans toute la France<\/em><\/h1>\n<p style=\"text-align: center;\">Contre la destruction de l&rsquo;assurance-ch\u00f4mage par Emmanuel Macron<\/p>\n<p style=\"text-align: center;\"><strong>750 000 Ch\u00f4meurs\u00a0<\/strong>vont perdre toute indemnisation,<\/p>\n<p style=\"text-align: center;\"><strong>650 000\u00a0Ch\u00f4meurs\u00a0<\/strong>verront leurs allocations baisser de 30% \u00e0 50% en Avril 2020<\/p>\n<p style=\"text-align: center;\">Nous demandons l&rsquo;abrogation du d\u00e9cret sur les radiations !<\/p>\n<p style=\"text-align: center;\"><strong><u>La CGT<\/u><\/strong><u> est pour la s\u00e9curit\u00e9 sociale int\u00e9grale \u00e0 100 %<\/u><\/p>\n<p style=\"text-align: left;\">Pour r\u00e9pondre \u00e0 l&rsquo;urgence sociale, nous revendiquons,\u00a0<strong>10 Euros\u00a0<\/strong>de plus par jour et par Ch\u00f4meurs,\u00a0une prime de No\u00ebl de 500 Euros pour tous les ch\u00f4meurs, la cr\u00e9ation d&#8217;emploi de qualit\u00e9, sinon une indemnisation de 100% des ch\u00f4meurs au SMIC CGT&#8230;<\/p>\n","protected":false},"excerpt":{"rendered":"<p>Assurance-Ch\u00f4mage,\u00a0\u201cUne bombe sociale pour les plus pr\u00e9caires\u201d, titre l\u2019Humanit\u00e9. Rassemblement devant le P\u00f4le Emploi Villefranche ce jeudi 31 octobre de l\u2019UL CGT, \u00e0 l\u2019appel de la mobilisation nationale, contre l\u2019entr\u00e9e en vigueur au 1er novembre d\u2019une partie des nouvelles r\u00e8gles d\u2019indemnisation de l\u2019assurance-ch\u00f4mage. \u201cUn projet qui va durcir\u00a0les conditions d\u2019acc\u00e8s au syst\u00e8me et r\u00e9duire le [&hellip;]<\/p>\n","protected":false},"author":3,"featured_media":0,"comment_status":"closed","ping_status":"open","sticky":false,"template":"","format":"standard","meta":[],"categories":[1],"tags":[],"_links":{"self":[{"href":"http:\/\/www.ulcgt69villefranche.fr\/index.php?rest_route=\/wp\/v2\/posts\/2889"}],"collection":[{"href":"http:\/\/www.ulcgt69villefranche.fr\/index.php?rest_route=\/wp\/v2\/posts"}],"about":[{"href":"http:\/\/www.ulcgt69villefranche.fr\/index.php?rest_route=\/wp\/v2\/types\/post"}],"author":[{"embeddable":true,"href":"http:\/\/www.ulcgt69villefranche.fr\/index.php?rest_route=\/wp\/v2\/users\/3"}],"replies":[{"embeddable":true,"href":"http:\/\/www.ulcgt69villefranche.fr\/index.php?rest_route=%2Fwp%2Fv2%2Fcomments&post=2889"}],"version-history":[{"count":6,"href":"http:\/\/www.ulcgt69villefranche.fr\/index.php?rest_route=\/wp\/v2\/posts\/2889\/revisions"}],"predecessor-version":[{"id":2916,"href":"http:\/\/www.ulcgt69villefranche.fr\/index.php?rest_route=\/wp\/v2\/posts\/2889\/revisions\/2916"}],"wp:attachment":[{"href":"http:\/\/www.ulcgt69villefranche.fr\/index.php?rest_route=%2Fwp%2Fv2%2Fmedia&parent=2889"}],"wp:term":[{"taxonomy":"category","embeddable":true,"href":"http:\/\/www.ulcgt69villefranche.fr\/index.php?rest_route=%2Fwp%2Fv2%2Fcategories&post=2889"},{"taxonomy":"post_tag","embeddable":true,"href":"http:\/\/www.ulcgt69villefranche.fr\/index.php?rest_route=%2Fwp%2Fv2%2Ftags&post=2889"}],"curies":[{"name":"wp","href":"https:\/\/api.w.org\/{rel}","templated":true}]}}