{"id":2881,"date":"2019-10-14T18:35:52","date_gmt":"2019-10-14T16:35:52","guid":{"rendered":"http:\/\/www.ulcgt69villefranche.fr\/?p=2881"},"modified":"2019-10-14T18:35:52","modified_gmt":"2019-10-14T16:35:52","slug":"17-10-19-commemoration-a-11h-place-des-arts","status":"publish","type":"post","link":"http:\/\/www.ulcgt69villefranche.fr\/?p=2881","title":{"rendered":"17\/10\/19 : COMM\u00c9MORATION A 11H PLACE DES ARTS"},"content":{"rendered":"<p><a href=\"http:\/\/www.ulcgt69villefranche.fr\/wp-content\/uploads\/2019\/10\/17-octobre-1961.jpg\"><img loading=\"lazy\" class=\"aligncenter size-full wp-image-2883\" src=\"http:\/\/www.ulcgt69villefranche.fr\/wp-content\/uploads\/2019\/10\/17-octobre-1961.jpg\" alt=\"\" width=\"275\" height=\"183\" \/><\/a><\/p>\n<p style=\"text-align: center;\"><a href=\"http:\/\/www.ulcgt69villefranche.fr\/wp-content\/uploads\/2019\/10\/tract-massacre-17-octobre.pdf\" target=\"_blank\" rel=\"noopener\">LIRE LE TRACT<\/a><\/p>\n<p style=\"text-align: center;\">L&rsquo;Union Locale CGT de Villefranche Beaujolais Val de Sa\u00f4ne organise un rassemblement en m\u00e9moire du massacre de centaines de Travailleurs Alg\u00e9riens du 17 octobre 1961.<\/p>\n<h1 style=\"text-align: center;\"><span style=\"color: #ff0000;\">Ce moment aura lieu jeudi 17 octobre 2019 \u00e0 11h00 Place des arts \u00e0 Villefranche<\/span><\/h1>\n<p style=\"text-align: center;\">Nous comptons sur votre pr\u00e9sence et n&rsquo;h\u00e9sitez pas \u00e0 faire suivre l&rsquo;information.<\/p>\n<p style=\"text-align: center;\">Plusieurs prises de paroles auront lieux.<\/p>\n<p style=\"text-align: center;\">N&rsquo;oublions pas, l&rsquo;oppression sur la classe des Travailleurs d&rsquo;hier et d&rsquo;aujourd&rsquo;hui.<\/p>\n","protected":false},"excerpt":{"rendered":"<p>LIRE LE TRACT L&rsquo;Union Locale CGT de Villefranche Beaujolais Val de Sa\u00f4ne organise un rassemblement en m\u00e9moire du massacre de centaines de Travailleurs Alg\u00e9riens du 17 octobre 1961. Ce moment aura lieu jeudi 17 octobre 2019 \u00e0 11h00 Place des arts \u00e0 Villefranche Nous comptons sur votre pr\u00e9sence et n&rsquo;h\u00e9sitez pas \u00e0 faire suivre l&rsquo;information. [&hellip;]<\/p>\n","protected":false},"author":3,"featured_media":0,"comment_status":"closed","ping_status":"open","sticky":false,"template":"","format":"standard","meta":[],"categories":[1],"tags":[],"_links":{"self":[{"href":"http:\/\/www.ulcgt69villefranche.fr\/index.php?rest_route=\/wp\/v2\/posts\/2881"}],"collection":[{"href":"http:\/\/www.ulcgt69villefranche.fr\/index.php?rest_route=\/wp\/v2\/posts"}],"about":[{"href":"http:\/\/www.ulcgt69villefranche.fr\/index.php?rest_route=\/wp\/v2\/types\/post"}],"author":[{"embeddable":true,"href":"http:\/\/www.ulcgt69villefranche.fr\/index.php?rest_route=\/wp\/v2\/users\/3"}],"replies":[{"embeddable":true,"href":"http:\/\/www.ulcgt69villefranche.fr\/index.php?rest_route=%2Fwp%2Fv2%2Fcomments&post=2881"}],"version-history":[{"count":2,"href":"http:\/\/www.ulcgt69villefranche.fr\/index.php?rest_route=\/wp\/v2\/posts\/2881\/revisions"}],"predecessor-version":[{"id":2884,"href":"http:\/\/www.ulcgt69villefranche.fr\/index.php?rest_route=\/wp\/v2\/posts\/2881\/revisions\/2884"}],"wp:attachment":[{"href":"http:\/\/www.ulcgt69villefranche.fr\/index.php?rest_route=%2Fwp%2Fv2%2Fmedia&parent=2881"}],"wp:term":[{"taxonomy":"category","embeddable":true,"href":"http:\/\/www.ulcgt69villefranche.fr\/index.php?rest_route=%2Fwp%2Fv2%2Fcategories&post=2881"},{"taxonomy":"post_tag","embeddable":true,"href":"http:\/\/www.ulcgt69villefranche.fr\/index.php?rest_route=%2Fwp%2Fv2%2Ftags&post=2881"}],"curies":[{"name":"wp","href":"https:\/\/api.w.org\/{rel}","templated":true}]}}