{"id":2873,"date":"2019-09-17T16:42:37","date_gmt":"2019-09-17T14:42:37","guid":{"rendered":"http:\/\/www.ulcgt69villefranche.fr\/?p=2873"},"modified":"2019-09-17T16:43:43","modified_gmt":"2019-09-17T14:43:43","slug":"24-09-19-manifestation-a-villefranche","status":"publish","type":"post","link":"http:\/\/www.ulcgt69villefranche.fr\/?p=2873","title":{"rendered":"24\/09\/19 : MANIFESTATION A VILLEFRANCHE"},"content":{"rendered":"<h1 style=\"text-align: center;\"><span style=\"color: #000000;\"><u>Gr\u00e8ve et manifestation interprofessionnelle<\/u><\/span><\/h1>\n<h1 style=\"text-align: center;\"><span style=\"color: #000000;\">Contre le projet de r\u00e9forme des retraites<\/span><\/h1>\n<h1 style=\"text-align: center;\"><a href=\"http:\/\/www.ulcgt69villefranche.fr\/wp-content\/uploads\/2019\/09\/tract-24-09-2019.pdf\" target=\"_blank\" rel=\"noopener\">MARDI 24 SEPTEMBRE 2019<\/a><\/h1>\n<h1 style=\"text-align: center;\"><span style=\"color: #339966;\"><strong>A Villefranche s\/S\u00a0: 17 H place des Arts<\/strong><\/span><\/h1>\n<p><a href=\"http:\/\/www.ulcgt69villefranche.fr\/wp-content\/uploads\/2019\/09\/2019-09-24-tract.jpg\"><img loading=\"lazy\" class=\"aligncenter size-full wp-image-2874\" src=\"http:\/\/www.ulcgt69villefranche.fr\/wp-content\/uploads\/2019\/09\/2019-09-24-tract.jpg\" alt=\"\" width=\"679\" height=\"960\" srcset=\"http:\/\/www.ulcgt69villefranche.fr\/wp-content\/uploads\/2019\/09\/2019-09-24-tract.jpg 679w, http:\/\/www.ulcgt69villefranche.fr\/wp-content\/uploads\/2019\/09\/2019-09-24-tract-212x300.jpg 212w\" sizes=\"(max-width: 679px) 100vw, 679px\" \/><\/a><\/p>\n<h1 style=\"text-align: center;\"><a href=\"http:\/\/www.ulcgt69villefranche.fr\/wp-content\/uploads\/2019\/09\/tract-24-09-2019.pdf\" target=\"_blank\" rel=\"noopener\">TRACTS DISPONIBLES EN NOMBRE A L&rsquo;UNION LOCALE<\/a><\/h1>\n<p style=\"text-align: center;\">Une distribution de tracts annon\u00e7ant la manifestation du 24 septembre doit se faire rapidement dans les parkings, les rues principales de Villefranche et dans les entreprises.<\/p>\n<p style=\"text-align: center;\"><strong><u>Nous invitons tous les volontaires, QUE NOUS SOUHAITONS NOMBREUX, \u00e0 nous rejoindre <\/u><\/strong><u>:<\/u><\/p>\n<p style=\"text-align: center;\">&#8211; jeudi 19 septembre 9 h 30<\/p>\n<p style=\"text-align: center;\">&#8211; jeudi 19 septembre \u00e0 15 h 30<\/p>\n<p style=\"text-align: center;\">&#8211; lundi 23 septembre matin<\/p>\n<p style=\"text-align: center;\"><strong><u>Nous vous rappelons l&rsquo;importance de la r\u00e9ussite de cette manifestation,<\/u><\/strong><\/p>\n<p style=\"text-align: center;\"><strong>POUR CONSERVER NOS RETRAITES, PUBLIQUES, <u>PRIV\u00c9ES<\/u>, <u>MENAC\u00c9ES<\/u>,\u00a0<\/strong><\/p>\n<p style=\"text-align: center;\"><strong>RETRAITES PAR POINTS = RETRAITES EN MOINS !<\/strong><\/p>\n<p style=\"text-align: center;\"><strong><u>VALORISER NOS EMPLOIS,\u00a0<\/u><\/strong><strong><u>SAUVER NOS SERVICES PUBLICS POUR TOUS ET PARTOUT,\u00a0<\/u><\/strong><strong>POUR STOPPER LE PROJET DE <u>R\u00c9GRESSION<\/u>\u00a0SOCIALE<\/strong><\/p>\n<p style=\"text-align: center;\"><a href=\"http:\/\/www.ulcgt69villefranche.fr\/wp-content\/uploads\/2019\/09\/tract-24-09-2019.pdf\" target=\"_blank\" rel=\"noopener\"><strong>MERCI AUX ELUS ET D\u00c9L\u00c9GU\u00c9S\u00a0\u00a0DE PR\u00c9VOIR\u00a0UNE\u00a0 OU PLUSIEURS DISTRIBUTIONS DANS VOS ENTREPRISES<\/strong><\/a><\/p>\n","protected":false},"excerpt":{"rendered":"<p>Gr\u00e8ve et manifestation interprofessionnelle Contre le projet de r\u00e9forme des retraites MARDI 24 SEPTEMBRE 2019 A Villefranche s\/S\u00a0: 17 H place des Arts TRACTS DISPONIBLES EN NOMBRE A L&rsquo;UNION LOCALE Une distribution de tracts annon\u00e7ant la manifestation du 24 septembre doit se faire rapidement dans les parkings, les rues principales de Villefranche et dans les [&hellip;]<\/p>\n","protected":false},"author":3,"featured_media":0,"comment_status":"closed","ping_status":"open","sticky":false,"template":"","format":"standard","meta":[],"categories":[1],"tags":[],"_links":{"self":[{"href":"http:\/\/www.ulcgt69villefranche.fr\/index.php?rest_route=\/wp\/v2\/posts\/2873"}],"collection":[{"href":"http:\/\/www.ulcgt69villefranche.fr\/index.php?rest_route=\/wp\/v2\/posts"}],"about":[{"href":"http:\/\/www.ulcgt69villefranche.fr\/index.php?rest_route=\/wp\/v2\/types\/post"}],"author":[{"embeddable":true,"href":"http:\/\/www.ulcgt69villefranche.fr\/index.php?rest_route=\/wp\/v2\/users\/3"}],"replies":[{"embeddable":true,"href":"http:\/\/www.ulcgt69villefranche.fr\/index.php?rest_route=%2Fwp%2Fv2%2Fcomments&post=2873"}],"version-history":[{"count":4,"href":"http:\/\/www.ulcgt69villefranche.fr\/index.php?rest_route=\/wp\/v2\/posts\/2873\/revisions"}],"predecessor-version":[{"id":2878,"href":"http:\/\/www.ulcgt69villefranche.fr\/index.php?rest_route=\/wp\/v2\/posts\/2873\/revisions\/2878"}],"wp:attachment":[{"href":"http:\/\/www.ulcgt69villefranche.fr\/index.php?rest_route=%2Fwp%2Fv2%2Fmedia&parent=2873"}],"wp:term":[{"taxonomy":"category","embeddable":true,"href":"http:\/\/www.ulcgt69villefranche.fr\/index.php?rest_route=%2Fwp%2Fv2%2Fcategories&post=2873"},{"taxonomy":"post_tag","embeddable":true,"href":"http:\/\/www.ulcgt69villefranche.fr\/index.php?rest_route=%2Fwp%2Fv2%2Ftags&post=2873"}],"curies":[{"name":"wp","href":"https:\/\/api.w.org\/{rel}","templated":true}]}}