{"id":2861,"date":"2019-08-22T18:29:48","date_gmt":"2019-08-22T16:29:48","guid":{"rendered":"http:\/\/www.ulcgt69villefranche.fr\/?p=2861"},"modified":"2019-08-22T18:29:48","modified_gmt":"2019-08-22T16:29:48","slug":"16-07-19-tour-de-france","status":"publish","type":"post","link":"http:\/\/www.ulcgt69villefranche.fr\/?p=2861","title":{"rendered":"16\/07\/19 : TOUR DE FRANCE"},"content":{"rendered":"<p>M\u00eame pendant les cong\u00e9s, l\u2019union locale CGT est sur le terrain \u00e0 la rencontre des salari\u00e9s, des ch\u00f4meurs et des retrait\u00e9s au col de la Croix Montmain pour le passage des coureurs<\/p>\n<p><a href=\"http:\/\/www.ulcgt69villefranche.fr\/wp-content\/uploads\/2019\/08\/20190716_123651.jpg\"><img loading=\"lazy\" class=\"aligncenter size-full wp-image-2857\" src=\"http:\/\/www.ulcgt69villefranche.fr\/wp-content\/uploads\/2019\/08\/20190716_123651.jpg\" alt=\"\" width=\"768\" height=\"768\" srcset=\"http:\/\/www.ulcgt69villefranche.fr\/wp-content\/uploads\/2019\/08\/20190716_123651.jpg 768w, http:\/\/www.ulcgt69villefranche.fr\/wp-content\/uploads\/2019\/08\/20190716_123651-150x150.jpg 150w, http:\/\/www.ulcgt69villefranche.fr\/wp-content\/uploads\/2019\/08\/20190716_123651-300x300.jpg 300w\" sizes=\"(max-width: 768px) 100vw, 768px\" \/><\/a><a href=\"http:\/\/www.ulcgt69villefranche.fr\/wp-content\/uploads\/2019\/08\/20190716_125305.jpg\"><img loading=\"lazy\" class=\"aligncenter size-full wp-image-2858\" src=\"http:\/\/www.ulcgt69villefranche.fr\/wp-content\/uploads\/2019\/08\/20190716_125305.jpg\" alt=\"\" width=\"768\" height=\"768\" srcset=\"http:\/\/www.ulcgt69villefranche.fr\/wp-content\/uploads\/2019\/08\/20190716_125305.jpg 768w, http:\/\/www.ulcgt69villefranche.fr\/wp-content\/uploads\/2019\/08\/20190716_125305-150x150.jpg 150w, http:\/\/www.ulcgt69villefranche.fr\/wp-content\/uploads\/2019\/08\/20190716_125305-300x300.jpg 300w\" sizes=\"(max-width: 768px) 100vw, 768px\" \/><\/a><\/p>\n","protected":false},"excerpt":{"rendered":"<p>M\u00eame pendant les cong\u00e9s, l\u2019union locale CGT est sur le terrain \u00e0 la rencontre des salari\u00e9s, des ch\u00f4meurs et des retrait\u00e9s au col de la Croix Montmain pour le passage des coureurs<\/p>\n","protected":false},"author":3,"featured_media":0,"comment_status":"closed","ping_status":"open","sticky":false,"template":"","format":"standard","meta":[],"categories":[1],"tags":[],"_links":{"self":[{"href":"http:\/\/www.ulcgt69villefranche.fr\/index.php?rest_route=\/wp\/v2\/posts\/2861"}],"collection":[{"href":"http:\/\/www.ulcgt69villefranche.fr\/index.php?rest_route=\/wp\/v2\/posts"}],"about":[{"href":"http:\/\/www.ulcgt69villefranche.fr\/index.php?rest_route=\/wp\/v2\/types\/post"}],"author":[{"embeddable":true,"href":"http:\/\/www.ulcgt69villefranche.fr\/index.php?rest_route=\/wp\/v2\/users\/3"}],"replies":[{"embeddable":true,"href":"http:\/\/www.ulcgt69villefranche.fr\/index.php?rest_route=%2Fwp%2Fv2%2Fcomments&post=2861"}],"version-history":[{"count":1,"href":"http:\/\/www.ulcgt69villefranche.fr\/index.php?rest_route=\/wp\/v2\/posts\/2861\/revisions"}],"predecessor-version":[{"id":2862,"href":"http:\/\/www.ulcgt69villefranche.fr\/index.php?rest_route=\/wp\/v2\/posts\/2861\/revisions\/2862"}],"wp:attachment":[{"href":"http:\/\/www.ulcgt69villefranche.fr\/index.php?rest_route=%2Fwp%2Fv2%2Fmedia&parent=2861"}],"wp:term":[{"taxonomy":"category","embeddable":true,"href":"http:\/\/www.ulcgt69villefranche.fr\/index.php?rest_route=%2Fwp%2Fv2%2Fcategories&post=2861"},{"taxonomy":"post_tag","embeddable":true,"href":"http:\/\/www.ulcgt69villefranche.fr\/index.php?rest_route=%2Fwp%2Fv2%2Ftags&post=2861"}],"curies":[{"name":"wp","href":"https:\/\/api.w.org\/{rel}","templated":true}]}}