{"id":2837,"date":"2019-08-05T18:34:12","date_gmt":"2019-08-05T16:34:12","guid":{"rendered":"http:\/\/www.ulcgt69villefranche.fr\/?p=2837"},"modified":"2019-08-07T11:54:54","modified_gmt":"2019-08-07T09:54:54","slug":"05-08-19-ma-retraite-nest-pas-une-loterie","status":"publish","type":"post","link":"http:\/\/www.ulcgt69villefranche.fr\/?p=2837","title":{"rendered":"05\/08\/19 : MA RETRAITE N&rsquo;EST PAS UNE LOTERIE"},"content":{"rendered":"<p style=\"text-align: center;\"><a href=\"http:\/\/www.ulcgt69villefranche.fr\/wp-content\/uploads\/2019\/08\/Ma-retraite-n-est-pas-une-loterie.pdf\" target=\"_blank\" rel=\"noopener\">Lire le tract : Ma retraite n&rsquo;est pas une loterie !<\/a><\/p>\n<h1 style=\"text-align: center;\">Tracts en nombre \u00e0 distribuer disponibles \u00e0 l&rsquo;union locale CGT<\/h1>\n<p style=\"text-align: center;\"><a href=\"http:\/\/www.ulcgt69villefranche.fr\/wp-content\/uploads\/2019\/08\/tract-retraite.pdf\" target=\"_blank\" rel=\"noopener\">Stoppons le projet de r\u00e9gression social, mobilisons-nous le 24 septembre !<\/a><\/p>\n<p><a href=\"http:\/\/www.ulcgt69villefranche.fr\/wp-content\/uploads\/2019\/08\/Retraite.png\"><img loading=\"lazy\" class=\"aligncenter size-full wp-image-2836\" src=\"http:\/\/www.ulcgt69villefranche.fr\/wp-content\/uploads\/2019\/08\/Retraite.png\" alt=\"\" width=\"1116\" height=\"1380\" srcset=\"http:\/\/www.ulcgt69villefranche.fr\/wp-content\/uploads\/2019\/08\/Retraite.png 1116w, http:\/\/www.ulcgt69villefranche.fr\/wp-content\/uploads\/2019\/08\/Retraite-243x300.png 243w, http:\/\/www.ulcgt69villefranche.fr\/wp-content\/uploads\/2019\/08\/Retraite-768x950.png 768w, http:\/\/www.ulcgt69villefranche.fr\/wp-content\/uploads\/2019\/08\/Retraite-828x1024.png 828w\" sizes=\"(max-width: 1116px) 100vw, 1116px\" \/><\/a><\/p>\n","protected":false},"excerpt":{"rendered":"<p>Lire le tract : Ma retraite n&rsquo;est pas une loterie ! Tracts en nombre \u00e0 distribuer disponibles \u00e0 l&rsquo;union locale CGT Stoppons le projet de r\u00e9gression social, mobilisons-nous le 24 septembre !<\/p>\n","protected":false},"author":3,"featured_media":0,"comment_status":"closed","ping_status":"open","sticky":false,"template":"","format":"standard","meta":[],"categories":[1],"tags":[],"_links":{"self":[{"href":"http:\/\/www.ulcgt69villefranche.fr\/index.php?rest_route=\/wp\/v2\/posts\/2837"}],"collection":[{"href":"http:\/\/www.ulcgt69villefranche.fr\/index.php?rest_route=\/wp\/v2\/posts"}],"about":[{"href":"http:\/\/www.ulcgt69villefranche.fr\/index.php?rest_route=\/wp\/v2\/types\/post"}],"author":[{"embeddable":true,"href":"http:\/\/www.ulcgt69villefranche.fr\/index.php?rest_route=\/wp\/v2\/users\/3"}],"replies":[{"embeddable":true,"href":"http:\/\/www.ulcgt69villefranche.fr\/index.php?rest_route=%2Fwp%2Fv2%2Fcomments&post=2837"}],"version-history":[{"count":6,"href":"http:\/\/www.ulcgt69villefranche.fr\/index.php?rest_route=\/wp\/v2\/posts\/2837\/revisions"}],"predecessor-version":[{"id":2843,"href":"http:\/\/www.ulcgt69villefranche.fr\/index.php?rest_route=\/wp\/v2\/posts\/2837\/revisions\/2843"}],"wp:attachment":[{"href":"http:\/\/www.ulcgt69villefranche.fr\/index.php?rest_route=%2Fwp%2Fv2%2Fmedia&parent=2837"}],"wp:term":[{"taxonomy":"category","embeddable":true,"href":"http:\/\/www.ulcgt69villefranche.fr\/index.php?rest_route=%2Fwp%2Fv2%2Fcategories&post=2837"},{"taxonomy":"post_tag","embeddable":true,"href":"http:\/\/www.ulcgt69villefranche.fr\/index.php?rest_route=%2Fwp%2Fv2%2Ftags&post=2837"}],"curies":[{"name":"wp","href":"https:\/\/api.w.org\/{rel}","templated":true}]}}