{"id":2831,"date":"2019-07-26T15:28:20","date_gmt":"2019-07-26T13:28:20","guid":{"rendered":"http:\/\/www.ulcgt69villefranche.fr\/?p=2831"},"modified":"2019-07-26T15:28:20","modified_gmt":"2019-07-26T13:28:20","slug":"26-07-19-action-agivr-villefranche-sur-saone","status":"publish","type":"post","link":"http:\/\/www.ulcgt69villefranche.fr\/?p=2831","title":{"rendered":"26\/07\/19 : ACTION AGIVR VILLEFRANCHE SUR SA\u00d4NE"},"content":{"rendered":"<h1 style=\"text-align: center;\">Action AGIVR Villefranche sur Sa\u00f4ne<\/h1>\n<p>Ce matin, de nombreux professionnels de l&rsquo;AGIVR Beaujolais Val de Sa\u00f4ne ont exprim\u00e9s leur col\u00e8re dans les rues de Villefranche avec le soutien de l&rsquo;union locale CGT.<\/p>\n<p>La plupart des sites de l&rsquo;AGIVR \u00e9taient pr\u00e9sents et\/ou repr\u00e9sent\u00e9s. De nombreux personnels ont \u00e9t\u00e9 re\u00e7us par la direction et les revendications des personnels ont pu \u00eatre d\u00e9pos\u00e9es.<\/p>\n<p>A ce jour, la lutte continue ! D\u00e8s la rentr\u00e9e de septembre des n\u00e9gociations devront avoir lieux et des actes concrets devront voir le jour. Dans un cas contraire de nouvelles mobilisations et actions seront initi\u00e9es jusqu&rsquo;\u00e0 l&rsquo;obtention des revendications bien l\u00e9gitimes.<\/p>\n<p style=\"text-align: center;\">On l\u00e2che rien !<\/p>\n<p><a href=\"http:\/\/www.ulcgt69villefranche.fr\/wp-content\/uploads\/2019\/07\/15970.jpg\"><img loading=\"lazy\" class=\"aligncenter size-full wp-image-2828\" src=\"http:\/\/www.ulcgt69villefranche.fr\/wp-content\/uploads\/2019\/07\/15970.jpg\" alt=\"\" width=\"960\" height=\"540\" srcset=\"http:\/\/www.ulcgt69villefranche.fr\/wp-content\/uploads\/2019\/07\/15970.jpg 960w, http:\/\/www.ulcgt69villefranche.fr\/wp-content\/uploads\/2019\/07\/15970-300x169.jpg 300w, http:\/\/www.ulcgt69villefranche.fr\/wp-content\/uploads\/2019\/07\/15970-768x432.jpg 768w\" sizes=\"(max-width: 960px) 100vw, 960px\" \/><\/a><a href=\"http:\/\/www.ulcgt69villefranche.fr\/wp-content\/uploads\/2019\/07\/15966.jpg\"><img loading=\"lazy\" class=\"aligncenter size-full wp-image-2827\" src=\"http:\/\/www.ulcgt69villefranche.fr\/wp-content\/uploads\/2019\/07\/15966.jpg\" alt=\"\" width=\"960\" height=\"540\" srcset=\"http:\/\/www.ulcgt69villefranche.fr\/wp-content\/uploads\/2019\/07\/15966.jpg 960w, http:\/\/www.ulcgt69villefranche.fr\/wp-content\/uploads\/2019\/07\/15966-300x169.jpg 300w, http:\/\/www.ulcgt69villefranche.fr\/wp-content\/uploads\/2019\/07\/15966-768x432.jpg 768w\" sizes=\"(max-width: 960px) 100vw, 960px\" \/><\/a><a href=\"http:\/\/www.ulcgt69villefranche.fr\/wp-content\/uploads\/2019\/07\/15972.jpg\"><img loading=\"lazy\" class=\"aligncenter size-full wp-image-2829\" src=\"http:\/\/www.ulcgt69villefranche.fr\/wp-content\/uploads\/2019\/07\/15972.jpg\" alt=\"\" width=\"960\" height=\"540\" srcset=\"http:\/\/www.ulcgt69villefranche.fr\/wp-content\/uploads\/2019\/07\/15972.jpg 960w, http:\/\/www.ulcgt69villefranche.fr\/wp-content\/uploads\/2019\/07\/15972-300x169.jpg 300w, http:\/\/www.ulcgt69villefranche.fr\/wp-content\/uploads\/2019\/07\/15972-768x432.jpg 768w\" sizes=\"(max-width: 960px) 100vw, 960px\" \/><\/a><a href=\"http:\/\/www.ulcgt69villefranche.fr\/wp-content\/uploads\/2019\/07\/15975.jpg\"><img loading=\"lazy\" class=\"aligncenter size-full wp-image-2830\" src=\"http:\/\/www.ulcgt69villefranche.fr\/wp-content\/uploads\/2019\/07\/15975.jpg\" alt=\"\" width=\"960\" height=\"540\" srcset=\"http:\/\/www.ulcgt69villefranche.fr\/wp-content\/uploads\/2019\/07\/15975.jpg 960w, http:\/\/www.ulcgt69villefranche.fr\/wp-content\/uploads\/2019\/07\/15975-300x169.jpg 300w, http:\/\/www.ulcgt69villefranche.fr\/wp-content\/uploads\/2019\/07\/15975-768x432.jpg 768w\" sizes=\"(max-width: 960px) 100vw, 960px\" \/><\/a><\/p>\n","protected":false},"excerpt":{"rendered":"<p>Action AGIVR Villefranche sur Sa\u00f4ne Ce matin, de nombreux professionnels de l&rsquo;AGIVR Beaujolais Val de Sa\u00f4ne ont exprim\u00e9s leur col\u00e8re dans les rues de Villefranche avec le soutien de l&rsquo;union locale CGT. La plupart des sites de l&rsquo;AGIVR \u00e9taient pr\u00e9sents et\/ou repr\u00e9sent\u00e9s. De nombreux personnels ont \u00e9t\u00e9 re\u00e7us par la direction et les revendications des [&hellip;]<\/p>\n","protected":false},"author":3,"featured_media":0,"comment_status":"closed","ping_status":"open","sticky":false,"template":"","format":"standard","meta":[],"categories":[1],"tags":[],"_links":{"self":[{"href":"http:\/\/www.ulcgt69villefranche.fr\/index.php?rest_route=\/wp\/v2\/posts\/2831"}],"collection":[{"href":"http:\/\/www.ulcgt69villefranche.fr\/index.php?rest_route=\/wp\/v2\/posts"}],"about":[{"href":"http:\/\/www.ulcgt69villefranche.fr\/index.php?rest_route=\/wp\/v2\/types\/post"}],"author":[{"embeddable":true,"href":"http:\/\/www.ulcgt69villefranche.fr\/index.php?rest_route=\/wp\/v2\/users\/3"}],"replies":[{"embeddable":true,"href":"http:\/\/www.ulcgt69villefranche.fr\/index.php?rest_route=%2Fwp%2Fv2%2Fcomments&post=2831"}],"version-history":[{"count":1,"href":"http:\/\/www.ulcgt69villefranche.fr\/index.php?rest_route=\/wp\/v2\/posts\/2831\/revisions"}],"predecessor-version":[{"id":2832,"href":"http:\/\/www.ulcgt69villefranche.fr\/index.php?rest_route=\/wp\/v2\/posts\/2831\/revisions\/2832"}],"wp:attachment":[{"href":"http:\/\/www.ulcgt69villefranche.fr\/index.php?rest_route=%2Fwp%2Fv2%2Fmedia&parent=2831"}],"wp:term":[{"taxonomy":"category","embeddable":true,"href":"http:\/\/www.ulcgt69villefranche.fr\/index.php?rest_route=%2Fwp%2Fv2%2Fcategories&post=2831"},{"taxonomy":"post_tag","embeddable":true,"href":"http:\/\/www.ulcgt69villefranche.fr\/index.php?rest_route=%2Fwp%2Fv2%2Ftags&post=2831"}],"curies":[{"name":"wp","href":"https:\/\/api.w.org\/{rel}","templated":true}]}}