{"id":2821,"date":"2019-07-15T19:28:17","date_gmt":"2019-07-15T17:28:17","guid":{"rendered":"http:\/\/www.ulcgt69villefranche.fr\/?p=2821"},"modified":"2019-07-15T19:44:54","modified_gmt":"2019-07-15T17:44:54","slug":"18-07-19-greve-a-lhopital-nord-ouest","status":"publish","type":"post","link":"http:\/\/www.ulcgt69villefranche.fr\/?p=2821","title":{"rendered":"18\/07\/19 : GR\u00c8VE A L&rsquo;H\u00d4PITAL NORD-OUEST ET APPEL A SOUTIEN"},"content":{"rendered":"<p><a href=\"http:\/\/www.ulcgt69villefranche.fr\/wp-content\/uploads\/2019\/07\/Tract-18-07-2019-image.jpg\"><img loading=\"lazy\" class=\"aligncenter size-full wp-image-2820\" src=\"http:\/\/www.ulcgt69villefranche.fr\/wp-content\/uploads\/2019\/07\/Tract-18-07-2019-image.jpg\" alt=\"\" width=\"489\" height=\"720\" srcset=\"http:\/\/www.ulcgt69villefranche.fr\/wp-content\/uploads\/2019\/07\/Tract-18-07-2019-image.jpg 489w, http:\/\/www.ulcgt69villefranche.fr\/wp-content\/uploads\/2019\/07\/Tract-18-07-2019-image-204x300.jpg 204w\" sizes=\"(max-width: 489px) 100vw, 489px\" \/><\/a><\/p>\n<p style=\"text-align: center;\"><a href=\"http:\/\/www.ulcgt69villefranche.fr\/wp-content\/uploads\/2019\/07\/tract-du-18-juillet-2019.pdf\" target=\"_blank\" rel=\"noopener\">L&rsquo;union locale CGT de Villefranche, du Beaujolais et du Val de Sa\u00f4ne soutient ce mouvement et vous appelle \u00e0 venir les soutenir nombreux<\/a><\/p>\n<h1 style=\"text-align: center;\"><a href=\"http:\/\/www.ulcgt69villefranche.fr\/wp-content\/uploads\/2019\/07\/tract-du-18-juillet-2019.pdf\" target=\"_blank\" rel=\"noopener\"><strong>JEUDI 18 JUILLET 2019 de 9H \u00e0 12h<\/strong><\/a><\/h1>\n<p style=\"text-align: center;\"><a href=\"http:\/\/www.ulcgt69villefranche.fr\/wp-content\/uploads\/2019\/07\/tract-du-18-juillet-2019.pdf\" target=\"_blank\" rel=\"noopener\">Lire le tract<\/a><\/p>\n","protected":false},"excerpt":{"rendered":"<p>L&rsquo;union locale CGT de Villefranche, du Beaujolais et du Val de Sa\u00f4ne soutient ce mouvement et vous appelle \u00e0 venir les soutenir nombreux JEUDI 18 JUILLET 2019 de 9H \u00e0 12h Lire le tract<\/p>\n","protected":false},"author":3,"featured_media":0,"comment_status":"closed","ping_status":"open","sticky":false,"template":"","format":"standard","meta":[],"categories":[1],"tags":[],"_links":{"self":[{"href":"http:\/\/www.ulcgt69villefranche.fr\/index.php?rest_route=\/wp\/v2\/posts\/2821"}],"collection":[{"href":"http:\/\/www.ulcgt69villefranche.fr\/index.php?rest_route=\/wp\/v2\/posts"}],"about":[{"href":"http:\/\/www.ulcgt69villefranche.fr\/index.php?rest_route=\/wp\/v2\/types\/post"}],"author":[{"embeddable":true,"href":"http:\/\/www.ulcgt69villefranche.fr\/index.php?rest_route=\/wp\/v2\/users\/3"}],"replies":[{"embeddable":true,"href":"http:\/\/www.ulcgt69villefranche.fr\/index.php?rest_route=%2Fwp%2Fv2%2Fcomments&post=2821"}],"version-history":[{"count":4,"href":"http:\/\/www.ulcgt69villefranche.fr\/index.php?rest_route=\/wp\/v2\/posts\/2821\/revisions"}],"predecessor-version":[{"id":2825,"href":"http:\/\/www.ulcgt69villefranche.fr\/index.php?rest_route=\/wp\/v2\/posts\/2821\/revisions\/2825"}],"wp:attachment":[{"href":"http:\/\/www.ulcgt69villefranche.fr\/index.php?rest_route=%2Fwp%2Fv2%2Fmedia&parent=2821"}],"wp:term":[{"taxonomy":"category","embeddable":true,"href":"http:\/\/www.ulcgt69villefranche.fr\/index.php?rest_route=%2Fwp%2Fv2%2Fcategories&post=2821"},{"taxonomy":"post_tag","embeddable":true,"href":"http:\/\/www.ulcgt69villefranche.fr\/index.php?rest_route=%2Fwp%2Fv2%2Ftags&post=2821"}],"curies":[{"name":"wp","href":"https:\/\/api.w.org\/{rel}","templated":true}]}}