{"id":2811,"date":"2019-07-05T16:15:30","date_gmt":"2019-07-05T14:15:30","guid":{"rendered":"http:\/\/www.ulcgt69villefranche.fr\/?p=2811"},"modified":"2019-07-05T17:10:14","modified_gmt":"2019-07-05T15:10:14","slug":"05-07-19-il-y-a-urgence-aux-urgences","status":"publish","type":"post","link":"http:\/\/www.ulcgt69villefranche.fr\/?p=2811","title":{"rendered":"05\/07\/19 : IL Y A URGENCE AUX URGENCES !"},"content":{"rendered":"<h1 style=\"text-align: center;\"><a href=\"http:\/\/www.ulcgt69villefranche.fr\/wp-content\/uploads\/2019\/07\/CP50-sans-contact.pdf\" target=\"_blank\" rel=\"noopener\">IL Y A URGENCE AUX URGENCES !<\/a><\/h1>\n<p><img loading=\"lazy\" class=\"aligncenter size-full wp-image-2810\" src=\"http:\/\/www.ulcgt69villefranche.fr\/wp-content\/uploads\/2019\/07\/05-07-2019-Urgences.jpg\" alt=\"\" width=\"960\" height=\"540\" srcset=\"http:\/\/www.ulcgt69villefranche.fr\/wp-content\/uploads\/2019\/07\/05-07-2019-Urgences.jpg 960w, http:\/\/www.ulcgt69villefranche.fr\/wp-content\/uploads\/2019\/07\/05-07-2019-Urgences-300x169.jpg 300w, http:\/\/www.ulcgt69villefranche.fr\/wp-content\/uploads\/2019\/07\/05-07-2019-Urgences-768x432.jpg 768w\" sizes=\"(max-width: 960px) 100vw, 960px\" \/>Le service des urgences de l&rsquo;H\u00f4pital Nord-Ouest de Villefranche sur Sa\u00f4ne a rejoint hier le mouvement national de gr\u00e8ve des urgentistes pour de meilleurs conditions de travail et un service public de qualit\u00e9 rendu aux usagers.<\/p>\n<p>Une d\u00e9l\u00e9gation a \u00e9t\u00e9 re\u00e7ue ce jour, vendredi 05\/07\/19, mais la direction ne veut pas r\u00e9pondre \u00e0 la pression. L&rsquo;action va donc prochainement s&rsquo;intensifier !<\/p>\n<p>Conflit \u00e0 suivre et \u00e0 soutenir pour l&rsquo;int\u00e9r\u00eat g\u00e9n\u00e9ral&#8230;<\/p>\n<p><a href=\"http:\/\/www.ulcgt69villefranche.fr\/wp-content\/uploads\/2019\/07\/CP50-sans-contact.pdf\" target=\"_blank\" rel=\"noopener\">Lire le communiqu\u00e9 de la f\u00e9d\u00e9ration CGT Sant\u00e9 Action Sociale<\/a><\/p>\n","protected":false},"excerpt":{"rendered":"<p>IL Y A URGENCE AUX URGENCES ! Le service des urgences de l&rsquo;H\u00f4pital Nord-Ouest de Villefranche sur Sa\u00f4ne a rejoint hier le mouvement national de gr\u00e8ve des urgentistes pour de meilleurs conditions de travail et un service public de qualit\u00e9 rendu aux usagers. Une d\u00e9l\u00e9gation a \u00e9t\u00e9 re\u00e7ue ce jour, vendredi 05\/07\/19, mais la direction [&hellip;]<\/p>\n","protected":false},"author":3,"featured_media":0,"comment_status":"closed","ping_status":"open","sticky":false,"template":"","format":"standard","meta":[],"categories":[1],"tags":[],"_links":{"self":[{"href":"http:\/\/www.ulcgt69villefranche.fr\/index.php?rest_route=\/wp\/v2\/posts\/2811"}],"collection":[{"href":"http:\/\/www.ulcgt69villefranche.fr\/index.php?rest_route=\/wp\/v2\/posts"}],"about":[{"href":"http:\/\/www.ulcgt69villefranche.fr\/index.php?rest_route=\/wp\/v2\/types\/post"}],"author":[{"embeddable":true,"href":"http:\/\/www.ulcgt69villefranche.fr\/index.php?rest_route=\/wp\/v2\/users\/3"}],"replies":[{"embeddable":true,"href":"http:\/\/www.ulcgt69villefranche.fr\/index.php?rest_route=%2Fwp%2Fv2%2Fcomments&post=2811"}],"version-history":[{"count":5,"href":"http:\/\/www.ulcgt69villefranche.fr\/index.php?rest_route=\/wp\/v2\/posts\/2811\/revisions"}],"predecessor-version":[{"id":2817,"href":"http:\/\/www.ulcgt69villefranche.fr\/index.php?rest_route=\/wp\/v2\/posts\/2811\/revisions\/2817"}],"wp:attachment":[{"href":"http:\/\/www.ulcgt69villefranche.fr\/index.php?rest_route=%2Fwp%2Fv2%2Fmedia&parent=2811"}],"wp:term":[{"taxonomy":"category","embeddable":true,"href":"http:\/\/www.ulcgt69villefranche.fr\/index.php?rest_route=%2Fwp%2Fv2%2Fcategories&post=2811"},{"taxonomy":"post_tag","embeddable":true,"href":"http:\/\/www.ulcgt69villefranche.fr\/index.php?rest_route=%2Fwp%2Fv2%2Ftags&post=2811"}],"curies":[{"name":"wp","href":"https:\/\/api.w.org\/{rel}","templated":true}]}}