{"id":2793,"date":"2019-07-01T18:23:45","date_gmt":"2019-07-01T16:23:45","guid":{"rendered":"http:\/\/www.ulcgt69villefranche.fr\/?p=2793"},"modified":"2019-07-01T18:27:43","modified_gmt":"2019-07-01T16:27:43","slug":"le-service-des-urgences-de-lhopital-nord-ouest-rejoint-le-mouvement-de-greve-national","status":"publish","type":"post","link":"http:\/\/www.ulcgt69villefranche.fr\/?p=2793","title":{"rendered":"04\/07\/19 : TOUS DEVANT L&rsquo;H\u00d4PITAL EN SOUTIEN AUX URGENTISTES EN GR\u00c8VE"},"content":{"rendered":"<h1 style=\"text-align: center;\"><a href=\"http:\/\/www.ulcgt69villefranche.fr\/wp-content\/uploads\/2019\/07\/Tract-hopital-4-juillet-2019.pdf\" target=\"_blank\" rel=\"noopener\">Le service des urgences de l&rsquo;h\u00f4pital Nord Ouest de Villefranche sur Sa\u00f4ne rejoint le mouvement national de gr\u00e8ve.<\/a><\/h1>\n<p style=\"text-align: center;\"><a href=\"http:\/\/www.ulcgt69villefranche.fr\/wp-content\/uploads\/2019\/07\/Tract-hopital-4-juillet-2019.pdf\" target=\"_blank\" rel=\"noopener\">Tract h\u00f4pital 4 juillet 2019<\/a><\/p>\n<h1 style=\"text-align: center;\"><span style=\"color: #339966;\">Soutenons leur action et rejoignons <strong><u>nombreux<\/u><\/strong>\u00a0 les camardes hospitaliers<\/span><\/h1>\n<h1 style=\"text-align: center;\"><span style=\"color: #ff0000;\">JEUDI 4 JUILLET 2019 \u00e0 partir de 8h30<\/span><span style=\"color: #ff0000;\"> devant l&rsquo;h\u00f4pital !!!<\/span><\/h1>\n<p><a href=\"http:\/\/www.ulcgt69villefranche.fr\/wp-content\/uploads\/2019\/07\/urgences.jpg\"><img loading=\"lazy\" class=\"aligncenter size-full wp-image-2805\" src=\"http:\/\/www.ulcgt69villefranche.fr\/wp-content\/uploads\/2019\/07\/urgences.jpg\" alt=\"\" width=\"880\" height=\"586\" srcset=\"http:\/\/www.ulcgt69villefranche.fr\/wp-content\/uploads\/2019\/07\/urgences.jpg 880w, http:\/\/www.ulcgt69villefranche.fr\/wp-content\/uploads\/2019\/07\/urgences-300x200.jpg 300w, http:\/\/www.ulcgt69villefranche.fr\/wp-content\/uploads\/2019\/07\/urgences-768x511.jpg 768w\" sizes=\"(max-width: 880px) 100vw, 880px\" \/><\/a><\/p>\n<p style=\"text-align: center;\">\n","protected":false},"excerpt":{"rendered":"<p>Le service des urgences de l&rsquo;h\u00f4pital Nord Ouest de Villefranche sur Sa\u00f4ne rejoint le mouvement national de gr\u00e8ve. Tract h\u00f4pital 4 juillet 2019 Soutenons leur action et rejoignons nombreux\u00a0 les camardes hospitaliers JEUDI 4 JUILLET 2019 \u00e0 partir de 8h30 devant l&rsquo;h\u00f4pital !!!<\/p>\n","protected":false},"author":2,"featured_media":0,"comment_status":"closed","ping_status":"open","sticky":false,"template":"","format":"standard","meta":[],"categories":[1],"tags":[],"_links":{"self":[{"href":"http:\/\/www.ulcgt69villefranche.fr\/index.php?rest_route=\/wp\/v2\/posts\/2793"}],"collection":[{"href":"http:\/\/www.ulcgt69villefranche.fr\/index.php?rest_route=\/wp\/v2\/posts"}],"about":[{"href":"http:\/\/www.ulcgt69villefranche.fr\/index.php?rest_route=\/wp\/v2\/types\/post"}],"author":[{"embeddable":true,"href":"http:\/\/www.ulcgt69villefranche.fr\/index.php?rest_route=\/wp\/v2\/users\/2"}],"replies":[{"embeddable":true,"href":"http:\/\/www.ulcgt69villefranche.fr\/index.php?rest_route=%2Fwp%2Fv2%2Fcomments&post=2793"}],"version-history":[{"count":8,"href":"http:\/\/www.ulcgt69villefranche.fr\/index.php?rest_route=\/wp\/v2\/posts\/2793\/revisions"}],"predecessor-version":[{"id":2809,"href":"http:\/\/www.ulcgt69villefranche.fr\/index.php?rest_route=\/wp\/v2\/posts\/2793\/revisions\/2809"}],"wp:attachment":[{"href":"http:\/\/www.ulcgt69villefranche.fr\/index.php?rest_route=%2Fwp%2Fv2%2Fmedia&parent=2793"}],"wp:term":[{"taxonomy":"category","embeddable":true,"href":"http:\/\/www.ulcgt69villefranche.fr\/index.php?rest_route=%2Fwp%2Fv2%2Fcategories&post=2793"},{"taxonomy":"post_tag","embeddable":true,"href":"http:\/\/www.ulcgt69villefranche.fr\/index.php?rest_route=%2Fwp%2Fv2%2Ftags&post=2793"}],"curies":[{"name":"wp","href":"https:\/\/api.w.org\/{rel}","templated":true}]}}