{"id":2777,"date":"2019-05-17T15:04:06","date_gmt":"2019-05-17T13:04:06","guid":{"rendered":"http:\/\/www.ulcgt69villefranche.fr\/?p=2777"},"modified":"2019-07-01T18:05:08","modified_gmt":"2019-07-01T16:05:08","slug":"defendons-le-service-dhebergement-de-perinatalite-de-larbresle","status":"publish","type":"post","link":"http:\/\/www.ulcgt69villefranche.fr\/?p=2777","title":{"rendered":"27\/05\/19 \/ D\u00c9FENDONS LE SERVICE D&rsquo;H\u00c9BERGEMENT DE P\u00c9RINATALIT\u00c9 DE L&rsquo;ARBRESLE !"},"content":{"rendered":"<p style=\"text-align: center;\"><a href=\"http:\/\/www.ulcgt69villefranche.fr\/wp-content\/uploads\/2019\/05\/REUNION-salle-des-f\u00eates-Pierre-VALIN-rue-Michel-AULAS-1.docx\">R\u00c9UNION salle des f\u00eates Pierre VALIN, Rue Michel AULAS<\/a><\/p>\n<h1 style=\"text-align: center;\"><strong>L\u2019ARBRESLE<\/strong><\/h1>\n<h1 style=\"text-align: center;\"><strong><u>LE LUNDI 27 MAI \u00e0 19h30<\/u><\/strong><\/h1>\n<h1 style=\"text-align: center;\"><span style=\"color: #ff0000;\">Contre la FERMETURE du CENTRE d&rsquo;h\u00e9bergement P\u00c9RINATAL<\/span><\/h1>\n<p><a href=\"http:\/\/www.ulcgt69villefranche.fr\/wp-content\/uploads\/2017\/09\/medico-social.jpg\"><img loading=\"lazy\" class=\"aligncenter size-full wp-image-2160\" src=\"http:\/\/www.ulcgt69villefranche.fr\/wp-content\/uploads\/2017\/09\/medico-social.jpg\" alt=\"\" width=\"230\" height=\"219\" \/><\/a><\/p>\n","protected":false},"excerpt":{"rendered":"<p>R\u00c9UNION salle des f\u00eates Pierre VALIN, Rue Michel AULAS L\u2019ARBRESLE LE LUNDI 27 MAI \u00e0 19h30 Contre la FERMETURE du CENTRE d&rsquo;h\u00e9bergement P\u00c9RINATAL<\/p>\n","protected":false},"author":5,"featured_media":0,"comment_status":"closed","ping_status":"open","sticky":false,"template":"","format":"standard","meta":[],"categories":[1],"tags":[],"_links":{"self":[{"href":"http:\/\/www.ulcgt69villefranche.fr\/index.php?rest_route=\/wp\/v2\/posts\/2777"}],"collection":[{"href":"http:\/\/www.ulcgt69villefranche.fr\/index.php?rest_route=\/wp\/v2\/posts"}],"about":[{"href":"http:\/\/www.ulcgt69villefranche.fr\/index.php?rest_route=\/wp\/v2\/types\/post"}],"author":[{"embeddable":true,"href":"http:\/\/www.ulcgt69villefranche.fr\/index.php?rest_route=\/wp\/v2\/users\/5"}],"replies":[{"embeddable":true,"href":"http:\/\/www.ulcgt69villefranche.fr\/index.php?rest_route=%2Fwp%2Fv2%2Fcomments&post=2777"}],"version-history":[{"count":7,"href":"http:\/\/www.ulcgt69villefranche.fr\/index.php?rest_route=\/wp\/v2\/posts\/2777\/revisions"}],"predecessor-version":[{"id":2800,"href":"http:\/\/www.ulcgt69villefranche.fr\/index.php?rest_route=\/wp\/v2\/posts\/2777\/revisions\/2800"}],"wp:attachment":[{"href":"http:\/\/www.ulcgt69villefranche.fr\/index.php?rest_route=%2Fwp%2Fv2%2Fmedia&parent=2777"}],"wp:term":[{"taxonomy":"category","embeddable":true,"href":"http:\/\/www.ulcgt69villefranche.fr\/index.php?rest_route=%2Fwp%2Fv2%2Fcategories&post=2777"},{"taxonomy":"post_tag","embeddable":true,"href":"http:\/\/www.ulcgt69villefranche.fr\/index.php?rest_route=%2Fwp%2Fv2%2Ftags&post=2777"}],"curies":[{"name":"wp","href":"https:\/\/api.w.org\/{rel}","templated":true}]}}