{"id":2769,"date":"2019-05-08T11:07:20","date_gmt":"2019-05-08T09:07:20","guid":{"rendered":"http:\/\/www.ulcgt69villefranche.fr\/?p=2769"},"modified":"2019-05-08T11:07:20","modified_gmt":"2019-05-08T09:07:20","slug":"09-05-19-manifestation-a-villefranche","status":"publish","type":"post","link":"http:\/\/www.ulcgt69villefranche.fr\/?p=2769","title":{"rendered":"09\/05\/19 : MANIFESTATION \u00c0 VILLEFRANCHE"},"content":{"rendered":"<h1 style=\"text-align: center;\">MANIFESTATION \u00c0 VILLEFRANCHE<\/h1>\n<h1 style=\"text-align: center;\">JEUDI 9 MAI 2019 \u00c0 17H<\/h1>\n<h1 style=\"text-align: center;\">Place des Arts devant la sous-pr\u00e9fecture <a href=\"http:\/\/www.ulcgt69villefranche.fr\/wp-content\/uploads\/2019\/05\/43EDC2CD-B54E-4D59-916A-C06F1D28AC3C.png\"><img loading=\"lazy\" class=\"aligncenter size-full wp-image-2770\" src=\"http:\/\/www.ulcgt69villefranche.fr\/wp-content\/uploads\/2019\/05\/43EDC2CD-B54E-4D59-916A-C06F1D28AC3C.png\" alt=\"\" width=\"750\" height=\"1061\" srcset=\"http:\/\/www.ulcgt69villefranche.fr\/wp-content\/uploads\/2019\/05\/43EDC2CD-B54E-4D59-916A-C06F1D28AC3C.png 750w, http:\/\/www.ulcgt69villefranche.fr\/wp-content\/uploads\/2019\/05\/43EDC2CD-B54E-4D59-916A-C06F1D28AC3C-212x300.png 212w, http:\/\/www.ulcgt69villefranche.fr\/wp-content\/uploads\/2019\/05\/43EDC2CD-B54E-4D59-916A-C06F1D28AC3C-724x1024.png 724w\" sizes=\"(max-width: 750px) 100vw, 750px\" \/><\/a><\/h1>\n","protected":false},"excerpt":{"rendered":"<p>MANIFESTATION \u00c0 VILLEFRANCHE JEUDI 9 MAI 2019 \u00c0 17H Place des Arts devant la sous-pr\u00e9fecture<\/p>\n","protected":false},"author":3,"featured_media":0,"comment_status":"closed","ping_status":"open","sticky":false,"template":"","format":"standard","meta":[],"categories":[1],"tags":[],"_links":{"self":[{"href":"http:\/\/www.ulcgt69villefranche.fr\/index.php?rest_route=\/wp\/v2\/posts\/2769"}],"collection":[{"href":"http:\/\/www.ulcgt69villefranche.fr\/index.php?rest_route=\/wp\/v2\/posts"}],"about":[{"href":"http:\/\/www.ulcgt69villefranche.fr\/index.php?rest_route=\/wp\/v2\/types\/post"}],"author":[{"embeddable":true,"href":"http:\/\/www.ulcgt69villefranche.fr\/index.php?rest_route=\/wp\/v2\/users\/3"}],"replies":[{"embeddable":true,"href":"http:\/\/www.ulcgt69villefranche.fr\/index.php?rest_route=%2Fwp%2Fv2%2Fcomments&post=2769"}],"version-history":[{"count":2,"href":"http:\/\/www.ulcgt69villefranche.fr\/index.php?rest_route=\/wp\/v2\/posts\/2769\/revisions"}],"predecessor-version":[{"id":2772,"href":"http:\/\/www.ulcgt69villefranche.fr\/index.php?rest_route=\/wp\/v2\/posts\/2769\/revisions\/2772"}],"wp:attachment":[{"href":"http:\/\/www.ulcgt69villefranche.fr\/index.php?rest_route=%2Fwp%2Fv2%2Fmedia&parent=2769"}],"wp:term":[{"taxonomy":"category","embeddable":true,"href":"http:\/\/www.ulcgt69villefranche.fr\/index.php?rest_route=%2Fwp%2Fv2%2Fcategories&post=2769"},{"taxonomy":"post_tag","embeddable":true,"href":"http:\/\/www.ulcgt69villefranche.fr\/index.php?rest_route=%2Fwp%2Fv2%2Ftags&post=2769"}],"curies":[{"name":"wp","href":"https:\/\/api.w.org\/{rel}","templated":true}]}}