{"id":2746,"date":"2019-03-08T15:12:44","date_gmt":"2019-03-08T14:12:44","guid":{"rendered":"http:\/\/www.ulcgt69villefranche.fr\/?p=2746"},"modified":"2019-04-05T15:28:55","modified_gmt":"2019-04-05T13:28:55","slug":"journee-internationale-de-lutte-pour-les-droits-des-femmes","status":"publish","type":"post","link":"http:\/\/www.ulcgt69villefranche.fr\/?p=2746","title":{"rendered":"Journ\u00e9e Internationale de lutte pour les droits des femmes"},"content":{"rendered":"<p style=\"text-align: center;\">L&rsquo;Union Locale CGT de Villefranche sur Sa\u00f4ne, femmes \u00e9galit\u00e9 et l&rsquo;association du centre culturel des Alevis\u00a0 ont appel\u00e9 \u00e0 un rassemblement le 8 mars 2019, rue Nationale pour c\u00e9l\u00e9brer la journ\u00e9e internationale de lutte pour les droits des femmes. Les prises de paroles, chants&#8230;. se sont encha\u00een\u00e9s.<\/p>\n<p style=\"text-align: center;\"><a href=\"http:\/\/www.ulcgt69villefranche.fr\/wp-content\/uploads\/2019\/04\/discours-8-mars-2019-1.pdf\" target=\"_blank\" rel=\"noopener\">Lire l&rsquo;allocution de la CGT<\/a><\/p>\n<p><a href=\"http:\/\/www.ulcgt69villefranche.fr\/wp-content\/uploads\/2019\/04\/DSC_0238.jpg\"><img loading=\"lazy\" class=\"size-medium wp-image-2741 aligncenter\" src=\"http:\/\/www.ulcgt69villefranche.fr\/wp-content\/uploads\/2019\/04\/DSC_0238-300x199.jpg\" alt=\"\" width=\"300\" height=\"199\" srcset=\"http:\/\/www.ulcgt69villefranche.fr\/wp-content\/uploads\/2019\/04\/DSC_0238-300x199.jpg 300w, http:\/\/www.ulcgt69villefranche.fr\/wp-content\/uploads\/2019\/04\/DSC_0238-768x509.jpg 768w, http:\/\/www.ulcgt69villefranche.fr\/wp-content\/uploads\/2019\/04\/DSC_0238-1024x678.jpg 1024w\" sizes=\"(max-width: 300px) 100vw, 300px\" \/><\/a> <a href=\"http:\/\/www.ulcgt69villefranche.fr\/wp-content\/uploads\/2019\/04\/DSC_0231.jpg\"><img loading=\"lazy\" class=\"size-medium wp-image-2736 aligncenter\" src=\"http:\/\/www.ulcgt69villefranche.fr\/wp-content\/uploads\/2019\/04\/DSC_0231-300x199.jpg\" alt=\"\" width=\"300\" height=\"199\" srcset=\"http:\/\/www.ulcgt69villefranche.fr\/wp-content\/uploads\/2019\/04\/DSC_0231-300x199.jpg 300w, http:\/\/www.ulcgt69villefranche.fr\/wp-content\/uploads\/2019\/04\/DSC_0231-768x509.jpg 768w, http:\/\/www.ulcgt69villefranche.fr\/wp-content\/uploads\/2019\/04\/DSC_0231-1024x678.jpg 1024w\" sizes=\"(max-width: 300px) 100vw, 300px\" \/><\/a><\/p>\n","protected":false},"excerpt":{"rendered":"<p>L&rsquo;Union Locale CGT de Villefranche sur Sa\u00f4ne, femmes \u00e9galit\u00e9 et l&rsquo;association du centre culturel des Alevis\u00a0 ont appel\u00e9 \u00e0 un rassemblement le 8 mars 2019, rue Nationale pour c\u00e9l\u00e9brer la journ\u00e9e internationale de lutte pour les droits des femmes. Les prises de paroles, chants&#8230;. se sont encha\u00een\u00e9s. Lire l&rsquo;allocution de la CGT<\/p>\n","protected":false},"author":2,"featured_media":0,"comment_status":"closed","ping_status":"open","sticky":false,"template":"","format":"standard","meta":[],"categories":[1],"tags":[],"_links":{"self":[{"href":"http:\/\/www.ulcgt69villefranche.fr\/index.php?rest_route=\/wp\/v2\/posts\/2746"}],"collection":[{"href":"http:\/\/www.ulcgt69villefranche.fr\/index.php?rest_route=\/wp\/v2\/posts"}],"about":[{"href":"http:\/\/www.ulcgt69villefranche.fr\/index.php?rest_route=\/wp\/v2\/types\/post"}],"author":[{"embeddable":true,"href":"http:\/\/www.ulcgt69villefranche.fr\/index.php?rest_route=\/wp\/v2\/users\/2"}],"replies":[{"embeddable":true,"href":"http:\/\/www.ulcgt69villefranche.fr\/index.php?rest_route=%2Fwp%2Fv2%2Fcomments&post=2746"}],"version-history":[{"count":2,"href":"http:\/\/www.ulcgt69villefranche.fr\/index.php?rest_route=\/wp\/v2\/posts\/2746\/revisions"}],"predecessor-version":[{"id":2749,"href":"http:\/\/www.ulcgt69villefranche.fr\/index.php?rest_route=\/wp\/v2\/posts\/2746\/revisions\/2749"}],"wp:attachment":[{"href":"http:\/\/www.ulcgt69villefranche.fr\/index.php?rest_route=%2Fwp%2Fv2%2Fmedia&parent=2746"}],"wp:term":[{"taxonomy":"category","embeddable":true,"href":"http:\/\/www.ulcgt69villefranche.fr\/index.php?rest_route=%2Fwp%2Fv2%2Fcategories&post=2746"},{"taxonomy":"post_tag","embeddable":true,"href":"http:\/\/www.ulcgt69villefranche.fr\/index.php?rest_route=%2Fwp%2Fv2%2Ftags&post=2746"}],"curies":[{"name":"wp","href":"https:\/\/api.w.org\/{rel}","templated":true}]}}