{"id":2723,"date":"2019-03-31T16:08:23","date_gmt":"2019-03-31T14:08:23","guid":{"rendered":"http:\/\/www.ulcgt69villefranche.fr\/?p=2723"},"modified":"2019-03-31T16:08:23","modified_gmt":"2019-03-31T14:08:23","slug":"31-03-19-la-verite-sur-les-chiffres-du-chomage","status":"publish","type":"post","link":"http:\/\/www.ulcgt69villefranche.fr\/?p=2723","title":{"rendered":"31\/03\/19 : LA V\u00c9RIT\u00c9 SUR LES CHIFFRES DU CH\u00d4MAGE"},"content":{"rendered":"<div id=\"fb-root\"><\/div>\n<p><script async=\"1\" defer=\"1\" crossorigin=\"anonymous\" src=\"https:\/\/connect.facebook.net\/de_DE\/sdk.js#xfbml=1&amp;version=v3.2\"><\/script><\/p>\n<div class=\"fb-video\" data-href=\"https:\/\/www.facebook.com\/CGTchomeursprecaires\/videos\/383699532183828\/\" data-width=\"565\">\n<blockquote cite=\"https:\/\/www.facebook.com\/CGTchomeursprecaires\/videos\/383699532183828\/\" class=\"fb-xfbml-parse-ignore\"><p><a href=\"https:\/\/www.facebook.com\/CGTchomeursprecaires\/videos\/383699532183828\/\">Chiffres du ch\u00f4mage : la CGT r\u00e9tablit la v\u00e9rit\u00e9 face aux mensonges du gouvernement !<\/a><\/p>\n<p>D\u00e9but 2019, le gouvernement annonce un &quot;taux de ch\u00f4mage \u00e0 8,8 % A quoi ce taux correspond t-il ? Et, au final : combien de travailleurs r\u00e9ellement priv\u00e9s d&#039;emploi ? D\u00e9cryptage<\/p>\n<p>Gepostet von <a href=\"https:\/\/www.facebook.com\/CGTchomeursprecaires\/\">Comit\u00e9 national CGT Ch\u00f4meurs pr\u00e9caires<\/a> am Mittwoch, 27. M\u00e4rz 2019<\/p><\/blockquote>\n<\/div>\n","protected":false},"excerpt":{"rendered":"<p>Chiffres du ch\u00f4mage : la CGT r\u00e9tablit la v\u00e9rit\u00e9 face aux mensonges du gouvernement ! D\u00e9but 2019, le gouvernement annonce un &quot;taux de ch\u00f4mage \u00e0 8,8 % A quoi ce taux correspond t-il ? Et, au final : combien de travailleurs r\u00e9ellement priv\u00e9s d&#039;emploi ? D\u00e9cryptage Gepostet von Comit\u00e9 national CGT Ch\u00f4meurs pr\u00e9caires am Mittwoch, [&hellip;]<\/p>\n","protected":false},"author":3,"featured_media":0,"comment_status":"closed","ping_status":"open","sticky":false,"template":"","format":"standard","meta":[],"categories":[1],"tags":[],"_links":{"self":[{"href":"http:\/\/www.ulcgt69villefranche.fr\/index.php?rest_route=\/wp\/v2\/posts\/2723"}],"collection":[{"href":"http:\/\/www.ulcgt69villefranche.fr\/index.php?rest_route=\/wp\/v2\/posts"}],"about":[{"href":"http:\/\/www.ulcgt69villefranche.fr\/index.php?rest_route=\/wp\/v2\/types\/post"}],"author":[{"embeddable":true,"href":"http:\/\/www.ulcgt69villefranche.fr\/index.php?rest_route=\/wp\/v2\/users\/3"}],"replies":[{"embeddable":true,"href":"http:\/\/www.ulcgt69villefranche.fr\/index.php?rest_route=%2Fwp%2Fv2%2Fcomments&post=2723"}],"version-history":[{"count":1,"href":"http:\/\/www.ulcgt69villefranche.fr\/index.php?rest_route=\/wp\/v2\/posts\/2723\/revisions"}],"predecessor-version":[{"id":2724,"href":"http:\/\/www.ulcgt69villefranche.fr\/index.php?rest_route=\/wp\/v2\/posts\/2723\/revisions\/2724"}],"wp:attachment":[{"href":"http:\/\/www.ulcgt69villefranche.fr\/index.php?rest_route=%2Fwp%2Fv2%2Fmedia&parent=2723"}],"wp:term":[{"taxonomy":"category","embeddable":true,"href":"http:\/\/www.ulcgt69villefranche.fr\/index.php?rest_route=%2Fwp%2Fv2%2Fcategories&post=2723"},{"taxonomy":"post_tag","embeddable":true,"href":"http:\/\/www.ulcgt69villefranche.fr\/index.php?rest_route=%2Fwp%2Fv2%2Ftags&post=2723"}],"curies":[{"name":"wp","href":"https:\/\/api.w.org\/{rel}","templated":true}]}}