{"id":2708,"date":"2019-03-20T19:05:32","date_gmt":"2019-03-20T18:05:32","guid":{"rendered":"http:\/\/www.ulcgt69villefranche.fr\/?p=2708"},"modified":"2019-03-20T19:05:32","modified_gmt":"2019-03-20T18:05:32","slug":"18-03-19-bureau-dembauche-a-st-jean-industries","status":"publish","type":"post","link":"http:\/\/www.ulcgt69villefranche.fr\/?p=2708","title":{"rendered":"18\/03\/19 : BUREAU D&rsquo;EMBAUCHE A ST JEAN INDUSTRIES"},"content":{"rendered":"<p style=\"text-align: center;\">Pour dire NON \u00e0 la pr\u00e9carit\u00e9 massive de l&#8217;emploi, la CGT se mobilise autour d&rsquo;un bureau d&#8217;embauches \u00e0 Saint-Jean Industries<a href=\"http:\/\/www.ulcgt69villefranche.fr\/wp-content\/uploads\/2019\/03\/Bureau-embauche-SJI.jpeg\"><img loading=\"lazy\" class=\"aligncenter size-full wp-image-2707\" src=\"http:\/\/www.ulcgt69villefranche.fr\/wp-content\/uploads\/2019\/03\/Bureau-embauche-SJI.jpeg\" alt=\"\" width=\"880\" height=\"489\" srcset=\"http:\/\/www.ulcgt69villefranche.fr\/wp-content\/uploads\/2019\/03\/Bureau-embauche-SJI.jpeg 880w, http:\/\/www.ulcgt69villefranche.fr\/wp-content\/uploads\/2019\/03\/Bureau-embauche-SJI-300x167.jpeg 300w, http:\/\/www.ulcgt69villefranche.fr\/wp-content\/uploads\/2019\/03\/Bureau-embauche-SJI-768x427.jpeg 768w\" sizes=\"(max-width: 880px) 100vw, 880px\" \/><\/a><\/p>\n","protected":false},"excerpt":{"rendered":"<p>Pour dire NON \u00e0 la pr\u00e9carit\u00e9 massive de l&#8217;emploi, la CGT se mobilise autour d&rsquo;un bureau d&#8217;embauches \u00e0 Saint-Jean Industries<\/p>\n","protected":false},"author":3,"featured_media":0,"comment_status":"closed","ping_status":"open","sticky":false,"template":"","format":"standard","meta":[],"categories":[1],"tags":[],"_links":{"self":[{"href":"http:\/\/www.ulcgt69villefranche.fr\/index.php?rest_route=\/wp\/v2\/posts\/2708"}],"collection":[{"href":"http:\/\/www.ulcgt69villefranche.fr\/index.php?rest_route=\/wp\/v2\/posts"}],"about":[{"href":"http:\/\/www.ulcgt69villefranche.fr\/index.php?rest_route=\/wp\/v2\/types\/post"}],"author":[{"embeddable":true,"href":"http:\/\/www.ulcgt69villefranche.fr\/index.php?rest_route=\/wp\/v2\/users\/3"}],"replies":[{"embeddable":true,"href":"http:\/\/www.ulcgt69villefranche.fr\/index.php?rest_route=%2Fwp%2Fv2%2Fcomments&post=2708"}],"version-history":[{"count":1,"href":"http:\/\/www.ulcgt69villefranche.fr\/index.php?rest_route=\/wp\/v2\/posts\/2708\/revisions"}],"predecessor-version":[{"id":2709,"href":"http:\/\/www.ulcgt69villefranche.fr\/index.php?rest_route=\/wp\/v2\/posts\/2708\/revisions\/2709"}],"wp:attachment":[{"href":"http:\/\/www.ulcgt69villefranche.fr\/index.php?rest_route=%2Fwp%2Fv2%2Fmedia&parent=2708"}],"wp:term":[{"taxonomy":"category","embeddable":true,"href":"http:\/\/www.ulcgt69villefranche.fr\/index.php?rest_route=%2Fwp%2Fv2%2Fcategories&post=2708"},{"taxonomy":"post_tag","embeddable":true,"href":"http:\/\/www.ulcgt69villefranche.fr\/index.php?rest_route=%2Fwp%2Fv2%2Ftags&post=2708"}],"curies":[{"name":"wp","href":"https:\/\/api.w.org\/{rel}","templated":true}]}}