{"id":2688,"date":"2019-02-20T17:29:50","date_gmt":"2019-02-20T16:29:50","guid":{"rendered":"http:\/\/www.ulcgt69villefranche.fr\/?p=2688"},"modified":"2019-02-20T18:02:37","modified_gmt":"2019-02-20T17:02:37","slug":"23-02-19-a-vos-agendas","status":"publish","type":"post","link":"http:\/\/www.ulcgt69villefranche.fr\/?p=2688","title":{"rendered":"23\/02\/19 : A VOS AGENDAS"},"content":{"rendered":"<h1 style=\"text-align: center;\"><span style=\"color: #0000ff;\">A VOS AGENDAS<\/span><\/h1>\n<h2 style=\"text-align: center;\"><span style=\"color: #ff0000;\">23 f\u00e9vrier 2019<\/span> <span style=\"color: #ff0000;\">: <span style=\"color: #000000;\">Rassemblement devant chez\u00a0<span style=\"color: #0000ff;\">BAYER<\/span><\/span><\/span> <span style=\"color: #ff0000;\">\u00e0 12 h<\/span><\/h2>\n<p style=\"text-align: center;\"><a href=\"http:\/\/www.ulcgt69villefranche.fr\/wp-content\/uploads\/2019\/02\/Bayer.jpg\"><img loading=\"lazy\" class=\"aligncenter wp-image-2689 size-full\" src=\"http:\/\/www.ulcgt69villefranche.fr\/wp-content\/uploads\/2019\/02\/Bayer.jpg\" alt=\"\" width=\"790\" height=\"592\" srcset=\"http:\/\/www.ulcgt69villefranche.fr\/wp-content\/uploads\/2019\/02\/Bayer.jpg 790w, http:\/\/www.ulcgt69villefranche.fr\/wp-content\/uploads\/2019\/02\/Bayer-300x225.jpg 300w, http:\/\/www.ulcgt69villefranche.fr\/wp-content\/uploads\/2019\/02\/Bayer-768x576.jpg 768w\" sizes=\"(max-width: 790px) 100vw, 790px\" \/><\/a><\/p>\n<h2 style=\"text-align: center;\"><span style=\"color: #ff0000;\">26 f\u00e9vrier 2019<\/span> : action contre les discriminations syndicales<\/h2>\n<h2 style=\"text-align: center;\"><span style=\"color: #ff0000;\">\u00e0 11 h<\/span> devant la <span style=\"color: #0000ff;\">DIRECCTE<\/span>\u00a0<span style=\"color: #0000ff;\">Rue Vivier Merle (Part-Dieu)<\/span><\/h2>\n<p style=\"text-align: center;\"><a href=\"http:\/\/www.ulcgt69villefranche.fr\/wp-content\/uploads\/2013\/12\/militants-pas-voyous.jpg\"><img loading=\"lazy\" class=\"aligncenter size-full wp-image-1357\" src=\"http:\/\/www.ulcgt69villefranche.fr\/wp-content\/uploads\/2013\/12\/militants-pas-voyous.jpg\" alt=\"\" width=\"894\" height=\"414\" srcset=\"http:\/\/www.ulcgt69villefranche.fr\/wp-content\/uploads\/2013\/12\/militants-pas-voyous.jpg 894w, http:\/\/www.ulcgt69villefranche.fr\/wp-content\/uploads\/2013\/12\/militants-pas-voyous-300x138.jpg 300w\" sizes=\"(max-width: 894px) 100vw, 894px\" \/><\/a><\/p>\n<h2 style=\"text-align: center;\"><span style=\"color: #ff0000;\">8 mars 2019<\/span> :\u00a0\u00ab JOURN\u00c9E INTERNATIONALE DE LUTTE POUR LES DROITS DES FEMMES \u00bb\u00a0 rassemblement <span style=\"color: #ff0000;\">\u00e0 17 h<\/span>\u00a0\u00e0 <span style=\"color: #0000ff;\">Villefranche Rue Nationale (Place des Marais)<\/span><\/h2>\n<p style=\"text-align: center;\"><a href=\"http:\/\/www.ulcgt69villefranche.fr\/wp-content\/uploads\/2017\/03\/8-mars.jpg\"><img loading=\"lazy\" class=\"aligncenter wp-image-2074 size-full\" src=\"http:\/\/www.ulcgt69villefranche.fr\/wp-content\/uploads\/2017\/03\/8-mars.jpg\" alt=\"\" width=\"188\" height=\"268\" \/><\/a><\/p>\n<h2 style=\"text-align: center;\"><span style=\"color: #ff0000;\">19 mars 2019<\/span> : manifestation interpro <span style=\"color: #ff0000;\">\u00e0 17h<\/span> <span style=\"color: #0000ff;\">\u00e0 Villefranche d\u00e9part Place du Promenoir<\/span><\/h2>\n<p><a href=\"http:\/\/www.ulcgt69villefranche.fr\/wp-content\/uploads\/2019\/01\/2018-12-14-manif.jpg\"><img loading=\"lazy\" class=\"aligncenter size-full wp-image-2644\" src=\"http:\/\/www.ulcgt69villefranche.fr\/wp-content\/uploads\/2019\/01\/2018-12-14-manif.jpg\" alt=\"\" width=\"960\" height=\"636\" srcset=\"http:\/\/www.ulcgt69villefranche.fr\/wp-content\/uploads\/2019\/01\/2018-12-14-manif.jpg 960w, http:\/\/www.ulcgt69villefranche.fr\/wp-content\/uploads\/2019\/01\/2018-12-14-manif-300x199.jpg 300w, http:\/\/www.ulcgt69villefranche.fr\/wp-content\/uploads\/2019\/01\/2018-12-14-manif-768x509.jpg 768w, http:\/\/www.ulcgt69villefranche.fr\/wp-content\/uploads\/2019\/01\/2018-12-14-manif-120x80.jpg 120w\" sizes=\"(max-width: 960px) 100vw, 960px\" \/><\/a><\/p>\n","protected":false},"excerpt":{"rendered":"<p>A VOS AGENDAS 23 f\u00e9vrier 2019 : Rassemblement devant chez\u00a0BAYER \u00e0 12 h 26 f\u00e9vrier 2019 : action contre les discriminations syndicales \u00e0 11 h devant la DIRECCTE\u00a0Rue Vivier Merle (Part-Dieu) 8 mars 2019 :\u00a0\u00ab JOURN\u00c9E INTERNATIONALE DE LUTTE POUR LES DROITS DES FEMMES \u00bb\u00a0 rassemblement \u00e0 17 h\u00a0\u00e0 Villefranche Rue Nationale (Place des Marais) [&hellip;]<\/p>\n","protected":false},"author":3,"featured_media":0,"comment_status":"closed","ping_status":"open","sticky":false,"template":"","format":"standard","meta":[],"categories":[1],"tags":[],"_links":{"self":[{"href":"http:\/\/www.ulcgt69villefranche.fr\/index.php?rest_route=\/wp\/v2\/posts\/2688"}],"collection":[{"href":"http:\/\/www.ulcgt69villefranche.fr\/index.php?rest_route=\/wp\/v2\/posts"}],"about":[{"href":"http:\/\/www.ulcgt69villefranche.fr\/index.php?rest_route=\/wp\/v2\/types\/post"}],"author":[{"embeddable":true,"href":"http:\/\/www.ulcgt69villefranche.fr\/index.php?rest_route=\/wp\/v2\/users\/3"}],"replies":[{"embeddable":true,"href":"http:\/\/www.ulcgt69villefranche.fr\/index.php?rest_route=%2Fwp%2Fv2%2Fcomments&post=2688"}],"version-history":[{"count":4,"href":"http:\/\/www.ulcgt69villefranche.fr\/index.php?rest_route=\/wp\/v2\/posts\/2688\/revisions"}],"predecessor-version":[{"id":2693,"href":"http:\/\/www.ulcgt69villefranche.fr\/index.php?rest_route=\/wp\/v2\/posts\/2688\/revisions\/2693"}],"wp:attachment":[{"href":"http:\/\/www.ulcgt69villefranche.fr\/index.php?rest_route=%2Fwp%2Fv2%2Fmedia&parent=2688"}],"wp:term":[{"taxonomy":"category","embeddable":true,"href":"http:\/\/www.ulcgt69villefranche.fr\/index.php?rest_route=%2Fwp%2Fv2%2Fcategories&post=2688"},{"taxonomy":"post_tag","embeddable":true,"href":"http:\/\/www.ulcgt69villefranche.fr\/index.php?rest_route=%2Fwp%2Fv2%2Ftags&post=2688"}],"curies":[{"name":"wp","href":"https:\/\/api.w.org\/{rel}","templated":true}]}}