{"id":2686,"date":"2019-02-20T17:11:54","date_gmt":"2019-02-20T16:11:54","guid":{"rendered":"http:\/\/www.ulcgt69villefranche.fr\/?p=2686"},"modified":"2019-02-20T17:11:54","modified_gmt":"2019-02-20T16:11:54","slug":"20-02-19-journee-de-la-justice-sociale","status":"publish","type":"post","link":"http:\/\/www.ulcgt69villefranche.fr\/?p=2686","title":{"rendered":"20\/02\/19 : JOURN\u00c9E DE LA JUSTICE SOCIALE"},"content":{"rendered":"<p><a href=\"http:\/\/www.ulcgt69villefranche.fr\/wp-content\/uploads\/2016\/06\/chomeurs-rebelles.gif\"><img loading=\"lazy\" class=\"aligncenter size-full wp-image-1942\" src=\"http:\/\/www.ulcgt69villefranche.fr\/wp-content\/uploads\/2016\/06\/chomeurs-rebelles.gif\" alt=\"\" width=\"108\" height=\"171\" \/><\/a><\/p>\n<p style=\"text-align: center;\">Lire les articles de la journ\u00e9e de la justice sociale :<\/p>\n<p style=\"text-align: center;\"><a href=\"http:\/\/www.ulcgt69villefranche.fr\/wp-content\/uploads\/2019\/02\/20-f\u00e9vrier-P\u00f4le-Emploi.pdf\" target=\"_blank\" rel=\"noopener\">20 f\u00e9vrier P\u00f4le Emploi<\/a><\/p>\n<p style=\"text-align: center;\"><a href=\"http:\/\/www.ulcgt69villefranche.fr\/wp-content\/uploads\/2019\/02\/20-f\u00e9vrier-journ\u00e9e-mondial-de-la-justice-sociale.pdf\" target=\"_blank\" rel=\"noopener\">20 f\u00e9vrier journ\u00e9e mondial de la justice sociale<\/a><\/p>\n","protected":false},"excerpt":{"rendered":"<p>Lire les articles de la journ\u00e9e de la justice sociale : 20 f\u00e9vrier P\u00f4le Emploi 20 f\u00e9vrier journ\u00e9e mondial de la justice sociale<\/p>\n","protected":false},"author":3,"featured_media":0,"comment_status":"closed","ping_status":"open","sticky":false,"template":"","format":"standard","meta":[],"categories":[1],"tags":[],"_links":{"self":[{"href":"http:\/\/www.ulcgt69villefranche.fr\/index.php?rest_route=\/wp\/v2\/posts\/2686"}],"collection":[{"href":"http:\/\/www.ulcgt69villefranche.fr\/index.php?rest_route=\/wp\/v2\/posts"}],"about":[{"href":"http:\/\/www.ulcgt69villefranche.fr\/index.php?rest_route=\/wp\/v2\/types\/post"}],"author":[{"embeddable":true,"href":"http:\/\/www.ulcgt69villefranche.fr\/index.php?rest_route=\/wp\/v2\/users\/3"}],"replies":[{"embeddable":true,"href":"http:\/\/www.ulcgt69villefranche.fr\/index.php?rest_route=%2Fwp%2Fv2%2Fcomments&post=2686"}],"version-history":[{"count":1,"href":"http:\/\/www.ulcgt69villefranche.fr\/index.php?rest_route=\/wp\/v2\/posts\/2686\/revisions"}],"predecessor-version":[{"id":2687,"href":"http:\/\/www.ulcgt69villefranche.fr\/index.php?rest_route=\/wp\/v2\/posts\/2686\/revisions\/2687"}],"wp:attachment":[{"href":"http:\/\/www.ulcgt69villefranche.fr\/index.php?rest_route=%2Fwp%2Fv2%2Fmedia&parent=2686"}],"wp:term":[{"taxonomy":"category","embeddable":true,"href":"http:\/\/www.ulcgt69villefranche.fr\/index.php?rest_route=%2Fwp%2Fv2%2Fcategories&post=2686"},{"taxonomy":"post_tag","embeddable":true,"href":"http:\/\/www.ulcgt69villefranche.fr\/index.php?rest_route=%2Fwp%2Fv2%2Ftags&post=2686"}],"curies":[{"name":"wp","href":"https:\/\/api.w.org\/{rel}","templated":true}]}}