{"id":2653,"date":"2019-01-11T19:15:14","date_gmt":"2019-01-11T18:15:14","guid":{"rendered":"http:\/\/www.ulcgt69villefranche.fr\/?p=2653"},"modified":"2019-01-18T09:17:37","modified_gmt":"2019-01-18T08:17:37","slug":"11-01-19-greve-illimitee-chez-bayer","status":"publish","type":"post","link":"http:\/\/www.ulcgt69villefranche.fr\/?p=2653","title":{"rendered":"11\/01\/19 : GR\u00c8VE ILLIMIT\u00c9E CHEZ BAYER"},"content":{"rendered":"<div class=\"x_VfD\">\n<div class=\"_zLbN\" data-hook=\"post-title\">\n<h1 class=\"_2NtDR _1X8-e blog-post-title-font _3CY-9 blog-text-color post-title blog-hover-container-element-color _3d0fT\" style=\"text-align: center;\" data-hook=\"post-title\"><span class=\"post-title__text\">Mouvement de gr\u00e8ve illimit\u00e9 !<\/span><\/h1>\n<p><img class=\"image-viewer_image__1Fjtc image-viewer_imagePreload__2E02D\" src=\"https:\/\/static.wixstatic.com\/media\/b97d3c_4830eb6c26fa44baa8c0f0c7d25bee4b~mv2.jpg\/v1\/fit\/w_940,h_620,al_c,q_5\/file.jpg\" \/><\/p>\n<\/div>\n<\/div>\n<div class=\"_3uWjK blog-post-description-style-font\" data-hook=\"post-description\">\n<article class=\"blog-post-description-font\">\n<div class=\"post-content__body\">\n<div class=\"_1mrg3\">\n<div class=\"rich-content-viewer_wrapper__kcuBq _36clV blog-post-description-font _2cNgp rich-content-viewer_desktop__uatYj _2DgyF\">\n<div class=\"rich-content-viewer_editor__kaqlz _2pMCp _3h_iF\">\n<div class=\"rich-content-viewer_preview__1ppsP _2x14a\">\n<p class=\"rich-content-viewer_text__XzvDs rich-content-viewer_elementSpacing__208Ie _3_7DB blog-post-text-font blog-post-text-color rich-content-viewer_left__2p1aK _158eo _3_7DB\">Les salari\u00e9s Bayer, sous l&rsquo;\u00e9gide de la CGT, sont en gr\u00e8ve depuis le 10 D\u00e9cembre 2018.<\/p>\n<p class=\"rich-content-viewer_text__XzvDs rich-content-viewer_elementSpacing__208Ie _3_7DB blog-post-text-font blog-post-text-color rich-content-viewer_left__2p1aK _158eo _3_7DB\">\u00c0 la suite des NAO Direction, le d\u00e9l\u00e9gu\u00e9 syndical CGT a re\u00e7u une lettre de mise \u00e0 pied conservatoire en vue d&rsquo;un licenciement. Nulle n&rsquo;est dupe des intentions v\u00e9ritables de la direction de cette multinationale, \u00e9liminer l&rsquo;esprit de toute r\u00e9sistance sociale et syndicale.<\/p>\n<p class=\"rich-content-viewer_text__XzvDs rich-content-viewer_elementSpacing__208Ie _3_7DB blog-post-text-font blog-post-text-color rich-content-viewer_left__2p1aK _158eo _3_7DB\">Ces salari\u00e9s, courageux et d\u00e9termin\u00e9s, viennent de terminer leur cinqui\u00e8me semaine de conflit \u00e0 travers des gr\u00e8ves et d\u00e9brayages&#8230;<\/p>\n<p class=\"rich-content-viewer_text__XzvDs rich-content-viewer_elementSpacing__208Ie _3_7DB blog-post-text-font blog-post-text-color rich-content-viewer_left__2p1aK _158eo _3_7DB\">Ils ne veulent pas l\u00e2cher leurs revendications qui sont la r\u00e9ouverture des NAO, le retrait du r\u00e8glement int\u00e9rieur discriminant, le changement de la politique RH ainsi que la r\u00e9int\u00e9gration du DS.<\/p>\n<p class=\"rich-content-viewer_text__XzvDs rich-content-viewer_elementSpacing__208Ie _3_7DB blog-post-text-font blog-post-text-color rich-content-viewer_left__2p1aK _158eo _3_7DB\">Ces salari\u00e9s qui font honneur au combat de lutte des classes ont besoin de votre soutien car vous savez tous que l&rsquo;argent est le nerf de la guerre et pour tenir il faut les aider.<\/p>\n<p class=\"rich-content-viewer_text__XzvDs rich-content-viewer_elementSpacing__208Ie _3_7DB blog-post-text-font blog-post-text-color rich-content-viewer_left__2p1aK _158eo _3_7DB\"><strong>Nous comptons sur votre soutien et votre solidarit\u00e9 en adressant des dons au Syndicat CGT du site de Limas dans le Rh\u00f4ne \u00e0 l&rsquo;adresse suivante:<\/strong><\/p>\n<p class=\"rich-content-viewer_text__XzvDs rich-content-viewer_elementSpacing__208Ie _3_7DB blog-post-text-font blog-post-text-color rich-content-viewer_left__2p1aK _158eo _3_7DB\"><strong><u>Syndicat CGT Bayer, 1 avenue Edouard Herriot 69400 Villefranche sur Sa\u00f4ne<\/u><\/strong><\/p>\n<p class=\"rich-content-viewer_text__XzvDs rich-content-viewer_elementSpacing__208Ie _3_7DB blog-post-text-font blog-post-text-color rich-content-viewer_left__2p1aK _158eo _3_7DB\">Remporter une victoire sur ce dossier, sign\u00e9 de l&rsquo;injustice, aura un \u00e9cho au quatre coins du pays.<\/p>\n<p class=\"rich-content-viewer_text__XzvDs rich-content-viewer_elementSpacing__208Ie _3_7DB blog-post-text-font blog-post-text-color rich-content-viewer_left__2p1aK _158eo _3_7DB\">Au nom de la solidarit\u00e9 syndicale, les salari\u00e9s en gr\u00e8ve vous disent MERCI.<\/p>\n<\/div>\n<\/div>\n<\/div>\n<\/div>\n<\/div>\n<\/article>\n<\/div>\n","protected":false},"excerpt":{"rendered":"<p>Mouvement de gr\u00e8ve illimit\u00e9 ! Les salari\u00e9s Bayer, sous l&rsquo;\u00e9gide de la CGT, sont en gr\u00e8ve depuis le 10 D\u00e9cembre 2018. \u00c0 la suite des NAO Direction, le d\u00e9l\u00e9gu\u00e9 syndical CGT a re\u00e7u une lettre de mise \u00e0 pied conservatoire en vue d&rsquo;un licenciement. Nulle n&rsquo;est dupe des intentions v\u00e9ritables de la direction de cette [&hellip;]<\/p>\n","protected":false},"author":3,"featured_media":0,"comment_status":"closed","ping_status":"open","sticky":false,"template":"","format":"standard","meta":[],"categories":[1],"tags":[],"_links":{"self":[{"href":"http:\/\/www.ulcgt69villefranche.fr\/index.php?rest_route=\/wp\/v2\/posts\/2653"}],"collection":[{"href":"http:\/\/www.ulcgt69villefranche.fr\/index.php?rest_route=\/wp\/v2\/posts"}],"about":[{"href":"http:\/\/www.ulcgt69villefranche.fr\/index.php?rest_route=\/wp\/v2\/types\/post"}],"author":[{"embeddable":true,"href":"http:\/\/www.ulcgt69villefranche.fr\/index.php?rest_route=\/wp\/v2\/users\/3"}],"replies":[{"embeddable":true,"href":"http:\/\/www.ulcgt69villefranche.fr\/index.php?rest_route=%2Fwp%2Fv2%2Fcomments&post=2653"}],"version-history":[{"count":3,"href":"http:\/\/www.ulcgt69villefranche.fr\/index.php?rest_route=\/wp\/v2\/posts\/2653\/revisions"}],"predecessor-version":[{"id":2656,"href":"http:\/\/www.ulcgt69villefranche.fr\/index.php?rest_route=\/wp\/v2\/posts\/2653\/revisions\/2656"}],"wp:attachment":[{"href":"http:\/\/www.ulcgt69villefranche.fr\/index.php?rest_route=%2Fwp%2Fv2%2Fmedia&parent=2653"}],"wp:term":[{"taxonomy":"category","embeddable":true,"href":"http:\/\/www.ulcgt69villefranche.fr\/index.php?rest_route=%2Fwp%2Fv2%2Fcategories&post=2653"},{"taxonomy":"post_tag","embeddable":true,"href":"http:\/\/www.ulcgt69villefranche.fr\/index.php?rest_route=%2Fwp%2Fv2%2Ftags&post=2653"}],"curies":[{"name":"wp","href":"https:\/\/api.w.org\/{rel}","templated":true}]}}