{"id":2648,"date":"2019-01-11T15:35:55","date_gmt":"2019-01-11T14:35:55","guid":{"rendered":"http:\/\/www.ulcgt69villefranche.fr\/?p=2648"},"modified":"2019-01-26T11:39:31","modified_gmt":"2019-01-26T10:39:31","slug":"24-01-19-bureau-dembauches-a-la-poste","status":"publish","type":"post","link":"http:\/\/www.ulcgt69villefranche.fr\/?p=2648","title":{"rendered":"24\/01\/19 : BUREAU D&rsquo;EMBAUCHE A LA POSTE"},"content":{"rendered":"<p style=\"text-align: center;\"><a href=\"http:\/\/www.ulcgt69villefranche.fr\/wp-content\/uploads\/2019\/01\/b.e-la-poste.pdf\" target=\"_blank\" rel=\"noopener\">Lire le tract<\/a><\/p>\n<p style=\"text-align: center;\"><a href=\"http:\/\/www.ulcgt69villefranche.fr\/wp-content\/uploads\/2019\/01\/2019-01-24-La-Poste.pdf\">2019 01 24 Article Le Progr\u00e8s<\/a><\/p>\n<p><a href=\"http:\/\/www.ulcgt69villefranche.fr\/wp-content\/uploads\/2016\/06\/chomeurs-rebelles.gif\"><img loading=\"lazy\" class=\"aligncenter size-full wp-image-1942\" src=\"http:\/\/www.ulcgt69villefranche.fr\/wp-content\/uploads\/2016\/06\/chomeurs-rebelles.gif\" alt=\"\" width=\"108\" height=\"171\" \/><\/a><\/p>\n<h1 style=\"text-align: center;\"><strong><em><u>Bureau d\u2019embauche \u00e0 La Poste<\/u><\/em><\/strong><\/h1>\n<h1 style=\"text-align: center;\"><strong><u>Jeudi matin 24 janvier devant La Poste centrale all\u00e9e des Cordeliers<\/u><\/strong><\/h1>\n<h2 style=\"text-align: center;\"><strong><span style=\"color: #0000ff;\">Venez d\u00e9poser votre C.V<\/span><\/strong><\/h2>\n<p style=\"text-align: left;\">Pour des postes comme\u00a0: Facteurs,\u00a0Agents courrier, Charg\u00e9s de client\u00e8le et bien d\u2019autres emplois&#8230;<\/p>\n<p style=\"text-align: center;\">Nous voulons vivre de notre travail\u00a0!<\/p>\n<p>Le personnel est d\u00e9bord\u00e9 et les ch\u00f4meurs sont priv\u00e9s d\u2019emploi ou pr\u00e9caires. De l\u2019argent il y en a, alors vite des emplois\u2026<\/p>\n<p><a href=\"http:\/\/www.ulcgt69villefranche.fr\/wp-content\/uploads\/2019\/01\/2019-01-24-La-Poste.jpg\"><img loading=\"lazy\" class=\"aligncenter size-full wp-image-2669\" src=\"http:\/\/www.ulcgt69villefranche.fr\/wp-content\/uploads\/2019\/01\/2019-01-24-La-Poste.jpg\" alt=\"\" width=\"2240\" height=\"2475\" srcset=\"http:\/\/www.ulcgt69villefranche.fr\/wp-content\/uploads\/2019\/01\/2019-01-24-La-Poste.jpg 2240w, http:\/\/www.ulcgt69villefranche.fr\/wp-content\/uploads\/2019\/01\/2019-01-24-La-Poste-272x300.jpg 272w, http:\/\/www.ulcgt69villefranche.fr\/wp-content\/uploads\/2019\/01\/2019-01-24-La-Poste-768x849.jpg 768w, http:\/\/www.ulcgt69villefranche.fr\/wp-content\/uploads\/2019\/01\/2019-01-24-La-Poste-927x1024.jpg 927w\" sizes=\"(max-width: 2240px) 100vw, 2240px\" \/><\/a><\/p>\n","protected":false},"excerpt":{"rendered":"<p>Lire le tract 2019 01 24 Article Le Progr\u00e8s Bureau d\u2019embauche \u00e0 La Poste Jeudi matin 24 janvier devant La Poste centrale all\u00e9e des Cordeliers Venez d\u00e9poser votre C.V Pour des postes comme\u00a0: Facteurs,\u00a0Agents courrier, Charg\u00e9s de client\u00e8le et bien d\u2019autres emplois&#8230; Nous voulons vivre de notre travail\u00a0! Le personnel est d\u00e9bord\u00e9 et les ch\u00f4meurs [&hellip;]<\/p>\n","protected":false},"author":3,"featured_media":0,"comment_status":"closed","ping_status":"open","sticky":false,"template":"","format":"standard","meta":[],"categories":[1],"tags":[],"_links":{"self":[{"href":"http:\/\/www.ulcgt69villefranche.fr\/index.php?rest_route=\/wp\/v2\/posts\/2648"}],"collection":[{"href":"http:\/\/www.ulcgt69villefranche.fr\/index.php?rest_route=\/wp\/v2\/posts"}],"about":[{"href":"http:\/\/www.ulcgt69villefranche.fr\/index.php?rest_route=\/wp\/v2\/types\/post"}],"author":[{"embeddable":true,"href":"http:\/\/www.ulcgt69villefranche.fr\/index.php?rest_route=\/wp\/v2\/users\/3"}],"replies":[{"embeddable":true,"href":"http:\/\/www.ulcgt69villefranche.fr\/index.php?rest_route=%2Fwp%2Fv2%2Fcomments&post=2648"}],"version-history":[{"count":6,"href":"http:\/\/www.ulcgt69villefranche.fr\/index.php?rest_route=\/wp\/v2\/posts\/2648\/revisions"}],"predecessor-version":[{"id":2670,"href":"http:\/\/www.ulcgt69villefranche.fr\/index.php?rest_route=\/wp\/v2\/posts\/2648\/revisions\/2670"}],"wp:attachment":[{"href":"http:\/\/www.ulcgt69villefranche.fr\/index.php?rest_route=%2Fwp%2Fv2%2Fmedia&parent=2648"}],"wp:term":[{"taxonomy":"category","embeddable":true,"href":"http:\/\/www.ulcgt69villefranche.fr\/index.php?rest_route=%2Fwp%2Fv2%2Fcategories&post=2648"},{"taxonomy":"post_tag","embeddable":true,"href":"http:\/\/www.ulcgt69villefranche.fr\/index.php?rest_route=%2Fwp%2Fv2%2Ftags&post=2648"}],"curies":[{"name":"wp","href":"https:\/\/api.w.org\/{rel}","templated":true}]}}