{"id":2643,"date":"2019-01-07T18:46:43","date_gmt":"2019-01-07T17:46:43","guid":{"rendered":"http:\/\/www.ulcgt69villefranche.fr\/?p=2643"},"modified":"2019-01-07T18:46:43","modified_gmt":"2019-01-07T17:46:43","slug":"07-01-19-a-lire-attentivement","status":"publish","type":"post","link":"http:\/\/www.ulcgt69villefranche.fr\/?p=2643","title":{"rendered":"07\/01\/19 : A LIRE ATTENTIVEMENT"},"content":{"rendered":"<p style=\"text-align: center;\"><a href=\"http:\/\/www.ulcgt69villefranche.fr\/wp-content\/uploads\/2019\/01\/Discours-manif-14-d\u00e9cembre-2018.pdf\" target=\"_blank\" rel=\"noopener\">INTERVENTION MANIFESTATION<\/a><br \/>\n<a href=\"http:\/\/www.ulcgt69villefranche.fr\/wp-content\/uploads\/2019\/01\/Discours-manif-14-d\u00e9cembre-2018.pdf\" target=\"_blank\" rel=\"noopener\">LE 14 D\u00c9CEMBRE 2018<\/a><\/p>\n<p style=\"text-align: center;\">\n<a href=\"http:\/\/www.ulcgt69villefranche.fr\/wp-content\/uploads\/2019\/01\/2018-12-14-manif.jpg\"><img loading=\"lazy\" class=\"aligncenter size-full wp-image-2644\" src=\"http:\/\/www.ulcgt69villefranche.fr\/wp-content\/uploads\/2019\/01\/2018-12-14-manif.jpg\" alt=\"\" width=\"960\" height=\"636\" srcset=\"http:\/\/www.ulcgt69villefranche.fr\/wp-content\/uploads\/2019\/01\/2018-12-14-manif.jpg 960w, http:\/\/www.ulcgt69villefranche.fr\/wp-content\/uploads\/2019\/01\/2018-12-14-manif-300x199.jpg 300w, http:\/\/www.ulcgt69villefranche.fr\/wp-content\/uploads\/2019\/01\/2018-12-14-manif-768x509.jpg 768w, http:\/\/www.ulcgt69villefranche.fr\/wp-content\/uploads\/2019\/01\/2018-12-14-manif-120x80.jpg 120w\" sizes=\"(max-width: 960px) 100vw, 960px\" \/><\/a><\/p>\n<p>Chers Camarades, chers Amis,<\/p>\n<p>Pensez vous que les propositions du gouvernement vont permettre aux Fran\u00e7ais de vivre mieux ? Est-ce que les ouvriers, les infirmi\u00e8res, les retrait\u00e9s, les demandeurs d\u2019emploi, les \u00e9tudiants, vont enfin pouvoir vivre dignement ?<br \/>\nCertainement pas.<br \/>\nVos annonces ne sont pas \u00e0 la hauteur des attentes. Ce que vous demandent les Fran\u00e7ais accabl\u00e9s par la vie ch\u00e8re, ce n\u2019est pas l\u2019aum\u00f4ne, ce ne sont pas des miettes, c\u2019est tout simplement d\u2019\u00eatre respect\u00e9s. C\u2019est d\u2019avoir un travail et de pouvoir en vivre dignement, c\u2019est de pouvoir \u00e9lever correctement leurs enfants, avoir acc\u00e8s aux loisirs, au sport, \u00e0 la culture&#8230;<\/p>\n<p><a href=\"http:\/\/www.ulcgt69villefranche.fr\/wp-content\/uploads\/2019\/01\/Discours-manif-14-d\u00e9cembre-2018.pdf\" target=\"_blank\" rel=\"noopener\">Discours manif 14 d\u00e9cembre 2018<\/a><\/p>\n","protected":false},"excerpt":{"rendered":"<p>INTERVENTION MANIFESTATION LE 14 D\u00c9CEMBRE 2018 Chers Camarades, chers Amis, Pensez vous que les propositions du gouvernement vont permettre aux Fran\u00e7ais de vivre mieux ? Est-ce que les ouvriers, les infirmi\u00e8res, les retrait\u00e9s, les demandeurs d\u2019emploi, les \u00e9tudiants, vont enfin pouvoir vivre dignement ? Certainement pas. Vos annonces ne sont pas \u00e0 la hauteur des [&hellip;]<\/p>\n","protected":false},"author":3,"featured_media":0,"comment_status":"closed","ping_status":"open","sticky":false,"template":"","format":"standard","meta":[],"categories":[1],"tags":[],"_links":{"self":[{"href":"http:\/\/www.ulcgt69villefranche.fr\/index.php?rest_route=\/wp\/v2\/posts\/2643"}],"collection":[{"href":"http:\/\/www.ulcgt69villefranche.fr\/index.php?rest_route=\/wp\/v2\/posts"}],"about":[{"href":"http:\/\/www.ulcgt69villefranche.fr\/index.php?rest_route=\/wp\/v2\/types\/post"}],"author":[{"embeddable":true,"href":"http:\/\/www.ulcgt69villefranche.fr\/index.php?rest_route=\/wp\/v2\/users\/3"}],"replies":[{"embeddable":true,"href":"http:\/\/www.ulcgt69villefranche.fr\/index.php?rest_route=%2Fwp%2Fv2%2Fcomments&post=2643"}],"version-history":[{"count":1,"href":"http:\/\/www.ulcgt69villefranche.fr\/index.php?rest_route=\/wp\/v2\/posts\/2643\/revisions"}],"predecessor-version":[{"id":2645,"href":"http:\/\/www.ulcgt69villefranche.fr\/index.php?rest_route=\/wp\/v2\/posts\/2643\/revisions\/2645"}],"wp:attachment":[{"href":"http:\/\/www.ulcgt69villefranche.fr\/index.php?rest_route=%2Fwp%2Fv2%2Fmedia&parent=2643"}],"wp:term":[{"taxonomy":"category","embeddable":true,"href":"http:\/\/www.ulcgt69villefranche.fr\/index.php?rest_route=%2Fwp%2Fv2%2Fcategories&post=2643"},{"taxonomy":"post_tag","embeddable":true,"href":"http:\/\/www.ulcgt69villefranche.fr\/index.php?rest_route=%2Fwp%2Fv2%2Ftags&post=2643"}],"curies":[{"name":"wp","href":"https:\/\/api.w.org\/{rel}","templated":true}]}}