{"id":2626,"date":"2018-12-18T08:57:02","date_gmt":"2018-12-18T07:57:02","guid":{"rendered":"http:\/\/www.ulcgt69villefranche.fr\/?p=2626"},"modified":"2018-12-18T08:58:09","modified_gmt":"2018-12-18T07:58:09","slug":"21-12-18-rassemblement-bayer-villefranche-a-13h30","status":"publish","type":"post","link":"http:\/\/www.ulcgt69villefranche.fr\/?p=2626","title":{"rendered":"21\/12\/18 : RASSEMBLEMENT BAYER VILLEFRANCHE \u00e0 13H30"},"content":{"rendered":"<h1 style=\"text-align: center;\"><span style=\"color: #0000ff;\">Vendredi 21 d\u00e9cembre \u00e0 13h30 devant le site de BAYER, Avenue Edouard Herriot \u00e0 Villefranche sur Sa\u00f4ne<\/span><\/h1>\n<p style=\"text-align: center;\"><a href=\"http:\/\/www.ulcgt69villefranche.fr\/wp-content\/uploads\/2018\/12\/carrousel_affiches_libertes-syndicales_1.jpg\"><img loading=\"lazy\" class=\"aligncenter size-full wp-image-2627\" src=\"http:\/\/www.ulcgt69villefranche.fr\/wp-content\/uploads\/2018\/12\/carrousel_affiches_libertes-syndicales_1.jpg\" alt=\"\" width=\"260\" height=\"241\" \/><\/a><\/p>\n<p style=\"text-align: center;\">Notre camarade Ga\u00e9tan, d\u00e9l\u00e9gu\u00e9 syndical CGT \u00e0 Bayer Villefranche est menac\u00e9 de licenciement.<\/p>\n<p style=\"text-align: center;\">Depuis lundi dernier des d\u00e9brayages quotidiens ralentissent la production, des assembl\u00e9es du personnel ont lieu tous les matins et une permanence militante campe jour et nuit devant le site. Des gilets rouges avec des visites r\u00e9guli\u00e8res de gilets jaunes qui sont install\u00e9s sur un rond point tr\u00e8s proche.<\/p>\n<p style=\"text-align: center;\">Le syndicat CGT de Bayer, l\u2019union locale CGT de Villefranche, l\u2019union d\u00e9partementale CGT du Rh\u00f4ne, la FNIC (f\u00e9d\u00e9ration nationale des industries chimiques CGT) appellent \u00e0 un rassemblement<\/p>\n<p style=\"text-align: center;\"><strong><span style=\"color: #0000ff;\">Attaquer un militant CGT, c\u2019est attaquer toute la CGT, s\u2019en prendre \u00e0 un \u00e9lu du personnel, c&rsquo;est s&rsquo;en prendre \u00e0 tout le personnel !<\/span><\/strong><\/p>\n<p style=\"text-align: center;\"><span style=\"color: #339966;\"><strong>Ne nous disons pas les autres vont venir, faisons le !<\/strong><\/span><\/p>\n","protected":false},"excerpt":{"rendered":"<p>Vendredi 21 d\u00e9cembre \u00e0 13h30 devant le site de BAYER, Avenue Edouard Herriot \u00e0 Villefranche sur Sa\u00f4ne Notre camarade Ga\u00e9tan, d\u00e9l\u00e9gu\u00e9 syndical CGT \u00e0 Bayer Villefranche est menac\u00e9 de licenciement. Depuis lundi dernier des d\u00e9brayages quotidiens ralentissent la production, des assembl\u00e9es du personnel ont lieu tous les matins et une permanence militante campe jour et [&hellip;]<\/p>\n","protected":false},"author":3,"featured_media":0,"comment_status":"closed","ping_status":"open","sticky":false,"template":"","format":"standard","meta":[],"categories":[1],"tags":[],"_links":{"self":[{"href":"http:\/\/www.ulcgt69villefranche.fr\/index.php?rest_route=\/wp\/v2\/posts\/2626"}],"collection":[{"href":"http:\/\/www.ulcgt69villefranche.fr\/index.php?rest_route=\/wp\/v2\/posts"}],"about":[{"href":"http:\/\/www.ulcgt69villefranche.fr\/index.php?rest_route=\/wp\/v2\/types\/post"}],"author":[{"embeddable":true,"href":"http:\/\/www.ulcgt69villefranche.fr\/index.php?rest_route=\/wp\/v2\/users\/3"}],"replies":[{"embeddable":true,"href":"http:\/\/www.ulcgt69villefranche.fr\/index.php?rest_route=%2Fwp%2Fv2%2Fcomments&post=2626"}],"version-history":[{"count":5,"href":"http:\/\/www.ulcgt69villefranche.fr\/index.php?rest_route=\/wp\/v2\/posts\/2626\/revisions"}],"predecessor-version":[{"id":2632,"href":"http:\/\/www.ulcgt69villefranche.fr\/index.php?rest_route=\/wp\/v2\/posts\/2626\/revisions\/2632"}],"wp:attachment":[{"href":"http:\/\/www.ulcgt69villefranche.fr\/index.php?rest_route=%2Fwp%2Fv2%2Fmedia&parent=2626"}],"wp:term":[{"taxonomy":"category","embeddable":true,"href":"http:\/\/www.ulcgt69villefranche.fr\/index.php?rest_route=%2Fwp%2Fv2%2Fcategories&post=2626"},{"taxonomy":"post_tag","embeddable":true,"href":"http:\/\/www.ulcgt69villefranche.fr\/index.php?rest_route=%2Fwp%2Fv2%2Ftags&post=2626"}],"curies":[{"name":"wp","href":"https:\/\/api.w.org\/{rel}","templated":true}]}}